{"id":1901,"date":"2018-02-22T13:40:42","date_gmt":"2018-02-22T11:40:42","guid":{"rendered":"https:\/\/ambbucarest.esteri.it\/news\/dall_ambasciata\/2018\/02\/visita-del-sistema-italia-a-timisoara\/"},"modified":"2018-02-22T13:40:42","modified_gmt":"2018-02-22T11:40:42","slug":"visita-del-sistema-italia-a-timisoara","status":"publish","type":"post","link":"https:\/\/ambbucarest.esteri.it\/it\/news\/dall_ambasciata\/2018\/02\/visita-del-sistema-italia-a-timisoara\/","title":{"rendered":"VISITA DEL SISTEMA ITALIA A TIMISOARA"},"content":{"rendered":"<p class=\"MsoNormal\" style=\"margin-bottom: 10.0pt; text-align: justify; line-height: 115%;\"><span style=\"color: #1d2129; background-image: initial; background-position: initial; background-size: initial; background-repeat: initial; background-attachment: initial; background-origin: initial; background-clip: initial;\">L\u2019Ambasciatore d\u2019Italia in Romania Marco Giungi ha effettuato nelle giornate di ieri ed oggi una visita di sistema a Timisoara, dove ha incontrato, congiuntamente agli altri attori del Sistema Italia (Agenzia ICE, Camera di Commercio italiana per la Romania, Confindustria Romania e l\u2019Istituto italiano di Cultura), le Istituzioni locali e la comunit\u00e0 italiana attiva nel territorio.<\/span><\/p>\n<p class=\"MsoNormal\" style=\"text-align: justify; line-height: 115%;\"><span style=\"color: #1d2129; background-image: initial; background-position: initial; background-size: initial; background-repeat: initial; background-attachment: initial; background-origin: initial; background-clip: initial;\">La visita\u00a0 del \u201cSistema Italia\u201d \u00e8 iniziata con l\u2019incontro, nella mattinata di ieri,<\/span> <span style=\"color: #1d2129; background-image: initial; background-position: initial; background-size: initial; background-repeat: initial; background-attachment: initial; background-origin: initial; background-clip: initial;\">presso l\u2019Universit\u00e0 de Vest, con il Rettore Marilen Pirtea e con la responsabile della Cattedra di lingua italiana presso l\u2019 Universit\u00e0 Prof.ssa Mirela Boncea. \u00a0E\u2019 seguito poi l\u2019incontro presso l\u2019Universit\u00e0 di Medicina ed Odontoiatria \u201cVictor Babes\u201d con il Rettore Marius Raica. Gli attori del \u201cSistema Italia\u201d hanno poi incontrato nella sede della Camera di Commercio, Industria ed Agricoltura della Judet di Timis la Direttrice Generale Florica Chirita e hanno visitato le sedi delle aziende italiane Cottontex (attiva nella produzione di abbigliamento sportivo), Euroccoper (azienda di servizi logistici) TELCO e Tempini. Al termine della giornata, l\u2019Ambasciatore Giungi e gli altri attori del \u201cSistema Italia\u201d hanno incontrato dei rappresentanti dell\u2019imprenditoria italiana e della Comunit\u00e0 italiana di Timisoara.<\/span><\/p>\n<p class=\"MsoNormal\" style=\"margin-bottom: 10.0pt; text-align: justify; line-height: 115%;\"><span style=\"color: #1d2129; background-image: initial; background-position: initial; background-size: initial; background-repeat: initial; background-attachment: initial; background-origin: initial; background-clip: initial;\">Nella giornata odierna l\u2019Ambasciatore Giungi ha incontrato presso la sede dell\u2019Ispettorato Scolastico della Judet di Timis la direttrice Aura Danielescu alla presenza del Direttore del Liceo \u201cJ.L. Calderon\u201d con indirizzo di studi in lingua italiana, prof. Dan Ionici. In seguito l\u2019Ambasciatore Giungi ha avuto incontri con le Autorit\u00e0 locali, precisamente con il Prefetto Eva Andreas, il Vice Presidente del Consiglio Judetean Timis Traian Stancu e il Sindaco di Timisoara Nicolae Robu, con i quali ha discusso della presenza italiana nel territorio di Timisoara e di come migliorare ulteriormente le relazioni tra la gi\u00e0 ben integrata comunit\u00e0 italiana e la realt\u00e0 locale.<\/span><\/p>\n<p>\u00a0<\/p>\n<p class=\"MsoNormal\" style=\"margin-bottom: 10.0pt; text-align: justify; line-height: 115%;\"><span style=\"color: #1d2129; background-image: initial; background-position: initial; background-size: initial; background-repeat: initial; background-attachment: initial; background-origin: initial; background-clip: initial;\">Infine, l\u2019Ambasciatore Giungi ha incontrato presso la sede dell\u2019associazione \u201cTimisoara \u2013 Capitala Culturala Europeana 2021\u201d la Presidente Simona Neumann.<\/span><\/p>\n","protected":false},"excerpt":{"rendered":"L\u2019Ambasciatore d\u2019Italia in Romania Marco Giungi ha effettuato nelle giornate di ieri ed oggi una visita di sistema a Timisoara, dove ha incontrato, congiuntamente agli altri attori del Sistema Italia (Agenzia ICE, Camera di Commercio italiana per la Romania, Confindustria Romania e l\u2019Istituto italiano di Cultura), le Istituzioni locali e la comunit\u00e0 italiana attiva nel [&hellip;]","protected":false},"author":1,"featured_media":0,"comment_status":"","ping_status":"","sticky":false,"template":"","format":"standard","meta":{"footnotes":""},"tags":[],"class_list":["post-1901","post","type-post","status-publish","format-standard","hentry"],"_links":{"self":[{"href":"https:\/\/ambbucarest.esteri.it\/it\/wp-json\/wp\/v2\/posts\/1901","targetHints":{"allow":["GET"]}}],"collection":[{"href":"https:\/\/ambbucarest.esteri.it\/it\/wp-json\/wp\/v2\/posts"}],"about":[{"href":"https:\/\/ambbucarest.esteri.it\/it\/wp-json\/wp\/v2\/types\/post"}],"author":[{"embeddable":true,"href":"https:\/\/ambbucarest.esteri.it\/it\/wp-json\/wp\/v2\/users\/1"}],"replies":[{"embeddable":true,"href":"https:\/\/ambbucarest.esteri.it\/it\/wp-json\/wp\/v2\/comments?post=1901"}],"version-history":[{"count":0,"href":"https:\/\/ambbucarest.esteri.it\/it\/wp-json\/wp\/v2\/posts\/1901\/revisions"}],"wp:attachment":[{"href":"https:\/\/ambbucarest.esteri.it\/it\/wp-json\/wp\/v2\/media?parent=1901"}],"wp:term":[{"taxonomy":"post_tag","embeddable":true,"href":"https:\/\/ambbucarest.esteri.it\/it\/wp-json\/wp\/v2\/tags?post=1901"}],"curies":[{"name":"wp","href":"https:\/\/api.w.org\/{rel}","templated":true}]}}