{"id":2554,"date":"2014-05-09T13:56:16","date_gmt":"2014-05-09T10:56:16","guid":{"rendered":"https:\/\/ambbucarest.esteri.it\/news\/dall_ambasciata\/2014\/05\/ventesimodonorione\/"},"modified":"2014-05-09T13:56:16","modified_gmt":"2014-05-09T10:56:16","slug":"ventesimodonorione","status":"publish","type":"post","link":"https:\/\/ambbucarest.esteri.it\/it\/news\/dall_ambasciata\/2014\/05\/ventesimodonorione\/","title":{"rendered":"Ventesimo anniversario del Centro Don Orione"},"content":{"rendered":"<p><P>Si \u00e8 celebrato ieri il ventesimo anniversario della presenza a Bucarest del Centro Don Orione, inizialmente dedicato alla cura degli anziani che, dal 2009, accoglie anche bambini con disabilit\u00e0. Durante le celebrazioni, si \u00e8 anche evidenziata l\u2019attivit\u00e0\u2019 del centro diurno a favore dei bambini con autismo e, dal 2013, la possibilit\u00e0 di accogliere anche giovani maggiorenni con disabilita. Presenti alle celebrazioni sia le autorit\u00e0 locali della citt\u00e0 di Voluntari dove ha sede il centro, il Superiore Generale della Congregazione Don Orione, il Vescovo di Bucarest e l\u2019Ambasciatore d\u2019Italia in Romania.\u00a0 Il Centro Don Orione rappresenta una delle realt\u00e0 pi\u00f9 importanti e di successo del panorama dell\u2019assistenza sociale non profit italiana in Romania ed \u00e8 divenuto negli anni un punto di riferimento e un luogo di speranza per tutta la citt\u00e0 di Bucarest e Voluntari.<BR><BR>Per informazioni: <A href=\"http:\/\/www.asociatiadonorione.ro\">http:\/\/www.asociatiadonorione.ro<\/A> <BR><\/P><\/p>\n","protected":false},"excerpt":{"rendered":"Si \u00e8 celebrato ieri il ventesimo anniversario della presenza a Bucarest del Centro Don Orione, inizialmente dedicato alla cura degli anziani che, dal 2009, accoglie anche bambini con disabilit\u00e0. Durante le celebrazioni, si \u00e8 anche evidenziata l\u2019attivit\u00e0\u2019 del centro diurno a favore dei bambini con autismo e, dal 2013, la possibilit\u00e0 di accogliere anche giovani [&hellip;]","protected":false},"author":1,"featured_media":0,"comment_status":"","ping_status":"","sticky":false,"template":"","format":"standard","meta":{"footnotes":""},"tags":[],"class_list":["post-2554","post","type-post","status-publish","format-standard","hentry"],"_links":{"self":[{"href":"https:\/\/ambbucarest.esteri.it\/it\/wp-json\/wp\/v2\/posts\/2554","targetHints":{"allow":["GET"]}}],"collection":[{"href":"https:\/\/ambbucarest.esteri.it\/it\/wp-json\/wp\/v2\/posts"}],"about":[{"href":"https:\/\/ambbucarest.esteri.it\/it\/wp-json\/wp\/v2\/types\/post"}],"author":[{"embeddable":true,"href":"https:\/\/ambbucarest.esteri.it\/it\/wp-json\/wp\/v2\/users\/1"}],"replies":[{"embeddable":true,"href":"https:\/\/ambbucarest.esteri.it\/it\/wp-json\/wp\/v2\/comments?post=2554"}],"version-history":[{"count":0,"href":"https:\/\/ambbucarest.esteri.it\/it\/wp-json\/wp\/v2\/posts\/2554\/revisions"}],"wp:attachment":[{"href":"https:\/\/ambbucarest.esteri.it\/it\/wp-json\/wp\/v2\/media?parent=2554"}],"wp:term":[{"taxonomy":"post_tag","embeddable":true,"href":"https:\/\/ambbucarest.esteri.it\/it\/wp-json\/wp\/v2\/tags?post=2554"}],"curies":[{"name":"wp","href":"https:\/\/api.w.org\/{rel}","templated":true}]}}