{"id":3375,"date":"2013-04-18T10:40:26","date_gmt":"2013-04-18T07:40:26","guid":{"rendered":"https:\/\/ambbucarest.esteri.it\/news\/dall_ambasciata\/2013\/04\/pellegrinaggiobucovina\/"},"modified":"2013-04-18T10:40:26","modified_gmt":"2013-04-18T07:40:26","slug":"pellegrinaggiobucovina","status":"publish","type":"post","link":"https:\/\/ambbucarest.esteri.it\/it\/news\/dall_ambasciata\/2013\/04\/pellegrinaggiobucovina\/","title":{"rendered":"A Settembre in pellegrinaggio con Radio Romania"},"content":{"rendered":"<p>L\u2019Ambasciata d\u2019Italia a Bucarest \u00e8 lieta di annunciare che nel prossimo settembre, probabilmente dall&#8217;8 al 15, si svolger\u00e0 un radio pellegrinaggio organizzato da Radio Romania a cui parteciper\u00e0 Sergio Valzania, Vicedirettore di Radio Rai.<BR>Il cammino sar\u00e0 trasmesso da entrambe le radio e percorrer\u00e0 la regione della Bucovina, ricca di pregevoli chiese e monasteri.<BR>La Bucovina \u00e8 un territorio oggi diviso tra la Romania (Bucovina del Sud) e Ucraina (Bucovina del Nord), che fa parte della regione storica della Moldavia.<BR>In Bucovina si trovano pregevolissimi monasteri risalenti al XV &#8211; XVI secolo: tra i pi\u00f9 famosi quello di Putna, Voronet, nella cittadina omonima, e Sucevijta, presso Gura Humorului. I monasteri hanno la particolarit\u00e0 di essere affrescati all&#8217;esterno e, in quelli restaurati, oggi questi affreschi si mostrano in tutta la loro bellezza.<BR>E proprio per questi motivi, da qualche anno fanno parte del Patrimonio dell&#8217;umanit\u00e0 dell&#8217;UNESCO.<BR><\/p>\n","protected":false},"excerpt":{"rendered":"L\u2019Ambasciata d\u2019Italia a Bucarest \u00e8 lieta di annunciare che nel prossimo settembre, probabilmente dall&#8217;8 al 15, si svolger\u00e0 un radio pellegrinaggio organizzato da Radio Romania a cui parteciper\u00e0 Sergio Valzania, Vicedirettore di Radio Rai.Il cammino sar\u00e0 trasmesso da entrambe le radio e percorrer\u00e0 la regione della Bucovina, ricca di pregevoli chiese e monasteri.La Bucovina \u00e8 [&hellip;]","protected":false},"author":1,"featured_media":0,"comment_status":"","ping_status":"","sticky":false,"template":"","format":"standard","meta":{"footnotes":""},"tags":[],"class_list":["post-3375","post","type-post","status-publish","format-standard","hentry"],"_links":{"self":[{"href":"https:\/\/ambbucarest.esteri.it\/it\/wp-json\/wp\/v2\/posts\/3375","targetHints":{"allow":["GET"]}}],"collection":[{"href":"https:\/\/ambbucarest.esteri.it\/it\/wp-json\/wp\/v2\/posts"}],"about":[{"href":"https:\/\/ambbucarest.esteri.it\/it\/wp-json\/wp\/v2\/types\/post"}],"author":[{"embeddable":true,"href":"https:\/\/ambbucarest.esteri.it\/it\/wp-json\/wp\/v2\/users\/1"}],"replies":[{"embeddable":true,"href":"https:\/\/ambbucarest.esteri.it\/it\/wp-json\/wp\/v2\/comments?post=3375"}],"version-history":[{"count":0,"href":"https:\/\/ambbucarest.esteri.it\/it\/wp-json\/wp\/v2\/posts\/3375\/revisions"}],"wp:attachment":[{"href":"https:\/\/ambbucarest.esteri.it\/it\/wp-json\/wp\/v2\/media?parent=3375"}],"wp:term":[{"taxonomy":"post_tag","embeddable":true,"href":"https:\/\/ambbucarest.esteri.it\/it\/wp-json\/wp\/v2\/tags?post=3375"}],"curies":[{"name":"wp","href":"https:\/\/api.w.org\/{rel}","templated":true}]}}