{"id":3457,"date":"2013-03-25T14:09:25","date_gmt":"2013-03-25T12:09:25","guid":{"rendered":"https:\/\/ambbucarest.esteri.it\/news\/dall_ambasciata\/2013\/03\/mostraarteitalianapeles\/"},"modified":"2013-03-25T14:09:25","modified_gmt":"2013-03-25T12:09:25","slug":"mostraarteitalianapeles","status":"publish","type":"post","link":"https:\/\/ambbucarest.esteri.it\/it\/news\/dall_ambasciata\/2013\/03\/mostraarteitalianapeles\/","title":{"rendered":"&#8220;Armonie \u015fi grandoare&#8221;: arte italiana al Castello Peles"},"content":{"rendered":"<p>I visitatori del Castello Peles di Sinaia, ritenuto uno tra i pi\u00f9 belli d\u2019Europa, hanno modo, in questi giorni, di ammirare l\u2019affascinante mondo dell\u2019arte italiana. La mostra temporanea \u201cArmonie \u015fi grandoare: Arta italian\u0103 la castelul Pele\u015f\u201d, organizzata per portare all\u2019attenzione dei visitatori, gli oggetti d\u2019arte italiana conservati nella collezione della Casa Reale della Romania &#8211; pittura, majolica, vetro di Murano, mobili ecc. -, rimarr\u00e0 aperta fino al <STRONG>5 aprile 2013<\/STRONG>.<BR>Nelle sale dell\u2019esposizione si possono ammirare copie di opere appartenenti a celebri artisti del Rinascimento: Fillippo Lippi, Rafaello, Tiziano, Tintoretto, opere di pittori della fine del secolo XIX, ma anche lavori originali firmati dal caposcuola Correggio e della pittrice fiorentina Agnese Dolci. Sono esposte anche creazioni di Raffaello Romanelli ed Aristide Petrilli.<BR>Il programma di visita dell\u2019esposizione di arte italiana aperta al Castello Peles \u00e8 il seguente: mercoled\u00ec ore 11:00 \u2013 17:00; da gioved\u00ec alla domenica tra le ore 9:15 \u2013 17:00.<BR><EM>(Estratto dell\u2019articolo pubblicato su Sette Giorni del 24\/03\/2013 a cura di Elena Dumitru)<\/EM><BR><BR>Per ulteriori informazioni consultare il sito <A href=\"http:\/\/peles.ro\/arta-italiana-la-castelul-peles\">http:\/\/peles.ro\/arta-italiana-la-castelul-peles<\/A><BR><BR><BR><BR><\/p>\n","protected":false},"excerpt":{"rendered":"I visitatori del Castello Peles di Sinaia, ritenuto uno tra i pi\u00f9 belli d\u2019Europa, hanno modo, in questi giorni, di ammirare l\u2019affascinante mondo dell\u2019arte italiana. La mostra temporanea \u201cArmonie \u015fi grandoare: Arta italian\u0103 la castelul Pele\u015f\u201d, organizzata per portare all\u2019attenzione dei visitatori, gli oggetti d\u2019arte italiana conservati nella collezione della Casa Reale della Romania &#8211; [&hellip;]","protected":false},"author":1,"featured_media":0,"comment_status":"","ping_status":"","sticky":false,"template":"","format":"standard","meta":{"footnotes":""},"tags":[],"class_list":["post-3457","post","type-post","status-publish","format-standard","hentry"],"_links":{"self":[{"href":"https:\/\/ambbucarest.esteri.it\/it\/wp-json\/wp\/v2\/posts\/3457","targetHints":{"allow":["GET"]}}],"collection":[{"href":"https:\/\/ambbucarest.esteri.it\/it\/wp-json\/wp\/v2\/posts"}],"about":[{"href":"https:\/\/ambbucarest.esteri.it\/it\/wp-json\/wp\/v2\/types\/post"}],"author":[{"embeddable":true,"href":"https:\/\/ambbucarest.esteri.it\/it\/wp-json\/wp\/v2\/users\/1"}],"replies":[{"embeddable":true,"href":"https:\/\/ambbucarest.esteri.it\/it\/wp-json\/wp\/v2\/comments?post=3457"}],"version-history":[{"count":0,"href":"https:\/\/ambbucarest.esteri.it\/it\/wp-json\/wp\/v2\/posts\/3457\/revisions"}],"wp:attachment":[{"href":"https:\/\/ambbucarest.esteri.it\/it\/wp-json\/wp\/v2\/media?parent=3457"}],"wp:term":[{"taxonomy":"post_tag","embeddable":true,"href":"https:\/\/ambbucarest.esteri.it\/it\/wp-json\/wp\/v2\/tags?post=3457"}],"curies":[{"name":"wp","href":"https:\/\/api.w.org\/{rel}","templated":true}]}}