{"id":3504,"date":"2013-03-13T08:33:37","date_gmt":"2013-03-13T06:33:37","guid":{"rendered":"https:\/\/ambbucarest.esteri.it\/news\/dall_ambasciata\/2013\/03\/ricchiepoveri\/"},"modified":"2013-03-13T08:33:37","modified_gmt":"2013-03-13T06:33:37","slug":"ricchiepoveri","status":"publish","type":"post","link":"https:\/\/ambbucarest.esteri.it\/it\/news\/dall_ambasciata\/2013\/03\/ricchiepoveri\/","title":{"rendered":"Attesa per il concerto dei \u201cRicchi e Poveri\u201d alla Sala Palatului di Bucarest (17 marzo 2013)"},"content":{"rendered":"<p>Bucarest ospiter\u00e0 domenica 17 marzo, alla Sala Palatului, il concerto dei \u201cRicchi e Poveri \u201c, sotto il patrocinio dell\u2019Ambasciata d\u2019Italia a Bucarest. Il numeroso pubblico romeno, estimatore della loro musica, avr\u00e0 la possibilit\u00e0 di ripercorrere le tappe pi\u00f9 importanti della storia di uno dei gruppi pi\u00f9 versatili e brillanti presente sulla scena europea, che inizia a Genova in piena era beat (1968). In tutta la carriera, la band ha venduto pi\u00f9 di venti milioni di dischi in tutto il mondo, piazzandosi in vetta alle classifiche italiane con le sue straordinarie interpretazioni.<BR>Alcuni brani come &#8220;La prima cosa bella&#8221; cantata in coppia a Sanremo con l&#8217;autore Nicola di Bari, &#8220;Che sar\u00e0&#8221; nella straordinaria interpretazione con Jos\u00e9 Feliciano e &#8220;Sar\u00e0 perch\u00e9 ti amo&#8221; hanno segnato una parte della storia della musica italiana.<BR><BR><IMG style=\"WIDTH: 254px; HEIGHT: 351px\" border=\"0\" alt=\"Concerto Ricchi e Poveri 17 marzo 2013 Bucarest\" src=\"\/resource\/2013\/03\/65437_f_amb61ConcertRicchiePoveriBucuresti17martie2013.jpg\" width=\"320\" height=\"452\"><BR><\/p>\n","protected":false},"excerpt":{"rendered":"Bucarest ospiter\u00e0 domenica 17 marzo, alla Sala Palatului, il concerto dei \u201cRicchi e Poveri \u201c, sotto il patrocinio dell\u2019Ambasciata d\u2019Italia a Bucarest. Il numeroso pubblico romeno, estimatore della loro musica, avr\u00e0 la possibilit\u00e0 di ripercorrere le tappe pi\u00f9 importanti della storia di uno dei gruppi pi\u00f9 versatili e brillanti presente sulla scena europea, che inizia [&hellip;]","protected":false},"author":1,"featured_media":0,"comment_status":"","ping_status":"","sticky":false,"template":"","format":"standard","meta":{"footnotes":""},"tags":[],"class_list":["post-3504","post","type-post","status-publish","format-standard","hentry"],"_links":{"self":[{"href":"https:\/\/ambbucarest.esteri.it\/it\/wp-json\/wp\/v2\/posts\/3504","targetHints":{"allow":["GET"]}}],"collection":[{"href":"https:\/\/ambbucarest.esteri.it\/it\/wp-json\/wp\/v2\/posts"}],"about":[{"href":"https:\/\/ambbucarest.esteri.it\/it\/wp-json\/wp\/v2\/types\/post"}],"author":[{"embeddable":true,"href":"https:\/\/ambbucarest.esteri.it\/it\/wp-json\/wp\/v2\/users\/1"}],"replies":[{"embeddable":true,"href":"https:\/\/ambbucarest.esteri.it\/it\/wp-json\/wp\/v2\/comments?post=3504"}],"version-history":[{"count":0,"href":"https:\/\/ambbucarest.esteri.it\/it\/wp-json\/wp\/v2\/posts\/3504\/revisions"}],"wp:attachment":[{"href":"https:\/\/ambbucarest.esteri.it\/it\/wp-json\/wp\/v2\/media?parent=3504"}],"wp:term":[{"taxonomy":"post_tag","embeddable":true,"href":"https:\/\/ambbucarest.esteri.it\/it\/wp-json\/wp\/v2\/tags?post=3504"}],"curies":[{"name":"wp","href":"https:\/\/api.w.org\/{rel}","templated":true}]}}