{"id":6837,"date":"2025-10-20T12:21:10","date_gmt":"2025-10-20T09:21:10","guid":{"rendered":"https:\/\/ambbucarest.esteri.it\/?p=6837"},"modified":"2025-10-20T12:21:10","modified_gmt":"2025-10-20T09:21:10","slug":"partita-di-calcio-tra-le-squadre-steaua-bucuresti-e-bologna-fc","status":"publish","type":"post","link":"https:\/\/ambbucarest.esteri.it\/it\/news\/dall_ambasciata\/2025\/10\/partita-di-calcio-tra-le-squadre-steaua-bucuresti-e-bologna-fc\/","title":{"rendered":"Partita di calcio tra le squadre Steaua Bucure\u015fti e Bologna FC"},"content":{"rendered":"<p><em>Si comunica che in occasione della partita di calcio tra le squadre Steaua Bucure\u015fti e Bologna FC, in programma allo stadio \u201cArena Na\u0163ional\u0103\u201d di Bucarest il 23 ottobre 2025, l\u2019Ambasciata d\u2019Italia in Romania assicura per tutta la serata la disponibilit\u00e0 di un servizio di reperibilit\u00e0 al seguente numero: <strong>0040722314803<\/strong>. Si informa altres\u00ec che per eventuali emergenze \u00e8 attivo il numero unico 112.<\/em><\/p>\n<p><em>Si raccomanda ai connazionali che intendono assistere all\u2019evento sportivo di mantenere un comportamento rispettoso della normativa locale e dell\u2019ordine pubblico.<\/em><\/p>\n","protected":false},"excerpt":{"rendered":"Si comunica che in occasione della partita di calcio tra le squadre Steaua Bucure\u015fti e Bologna FC, in programma allo stadio \u201cArena Na\u0163ional\u0103\u201d di Bucarest il 23 ottobre 2025, l\u2019Ambasciata d\u2019Italia in Romania assicura per tutta la serata la disponibilit\u00e0 di un servizio di reperibilit\u00e0 al seguente numero: 0040722314803. Si informa altres\u00ec che per eventuali [&hellip;]","protected":false},"author":8,"featured_media":0,"comment_status":"closed","ping_status":"closed","sticky":false,"template":"","format":"standard","meta":{"footnotes":""},"tags":[],"class_list":["post-6837","post","type-post","status-publish","format-standard","hentry"],"_links":{"self":[{"href":"https:\/\/ambbucarest.esteri.it\/it\/wp-json\/wp\/v2\/posts\/6837","targetHints":{"allow":["GET"]}}],"collection":[{"href":"https:\/\/ambbucarest.esteri.it\/it\/wp-json\/wp\/v2\/posts"}],"about":[{"href":"https:\/\/ambbucarest.esteri.it\/it\/wp-json\/wp\/v2\/types\/post"}],"author":[{"embeddable":true,"href":"https:\/\/ambbucarest.esteri.it\/it\/wp-json\/wp\/v2\/users\/8"}],"replies":[{"embeddable":true,"href":"https:\/\/ambbucarest.esteri.it\/it\/wp-json\/wp\/v2\/comments?post=6837"}],"version-history":[{"count":1,"href":"https:\/\/ambbucarest.esteri.it\/it\/wp-json\/wp\/v2\/posts\/6837\/revisions"}],"predecessor-version":[{"id":6840,"href":"https:\/\/ambbucarest.esteri.it\/it\/wp-json\/wp\/v2\/posts\/6837\/revisions\/6840"}],"wp:attachment":[{"href":"https:\/\/ambbucarest.esteri.it\/it\/wp-json\/wp\/v2\/media?parent=6837"}],"wp:term":[{"taxonomy":"post_tag","embeddable":true,"href":"https:\/\/ambbucarest.esteri.it\/it\/wp-json\/wp\/v2\/tags?post=6837"}],"curies":[{"name":"wp","href":"https:\/\/api.w.org\/{rel}","templated":true}]}}