{"id":1449,"date":"2023-07-11T16:31:38","date_gmt":"2023-07-11T13:31:38","guid":{"rendered":"https:\/\/ambbucarest.esteri.it\/news\/dall_ambasciata\/2023\/07\/avviso-dichiarazioni-di-valore-2\/"},"modified":"2023-07-11T16:31:38","modified_gmt":"2023-07-11T13:31:38","slug":"avviso-dichiarazioni-di-valore-2","status":"publish","type":"post","link":"https:\/\/ambbucarest.esteri.it\/ro\/news\/dall_ambasciata\/2023\/07\/avviso-dichiarazioni-di-valore-2\/","title":{"rendered":"PRENOT@MI \u2013 PROGRAM\u0102RI PENTRU DECLARA\u021aII DE VALOARE"},"content":{"rendered":"<p>PRENOT@MI \u2013 PROGRAM\u0102RI PENTRU DECLARA\u021aII DE VALOARE<\/p>\n<p>Din data de 28 august 2023 va intra \u00een func\u0163iune la Bucure\u015fti \u015fi pentru DECLARA\u021aII DE VALOARE (inclusiv declara\u0163ii INPS \u015fi declara\u0163ii de vechime \u00een munc\u0103 a cadrelor didactice) portalul <a href=\"https:\/\/prenotami.esteri.it\/\">PRENOT@MI<\/a>, prin care se vor putea solicita program\u0103ri la Sec\u0163ia Consular\u0103 a Ambasadei Italiei \u00eencep\u00e2nd cu 01.09.2023.<\/p>\n<p><span style=\"text-decoration: underline;\">Accesa\u021bi portalul prin intermediul urm\u0103torului link<\/span>:\u00a0<a href=\"https:\/\/prenotami.esteri.it\/\">PRENOT@MI<\/a><\/p>\n<p>\u00a0<\/p>\n<p>ATEN\u0162IE:<\/p>\n<p>Pentru a putea face o programare trebuie s\u0103 urma\u021bi pa\u0219ii urm\u0103tori:<\/p>\n<p>1) \u00ceNREGISTRARE<\/p>\n<p>Solicitan\u021bii trebuie s\u0103 se \u00eenregistreze pe portalul Prenot@Mi, introduc\u00e2nd:<\/p>\n<p>a) DATELE PERSONALE: prenume, nume, locul \u015fi data na\u015fterii;<\/p>\n<p>b) CONTUL DE E-MAIL: adresa de e-mail (asigura\u0163i-v\u0103 c\u0103 este scris\u0103 corect) \u015fi parola;<\/p>\n<p>c) DATELE DE CONTACT: adresa de domiciliu, \u0163ara \u015fi num\u0103rul de telefon;<\/p>\n<p>2) ACTIVARE<\/p>\n<p>Utilizatorii vor primi un e-mail cu un link la adresa de e-mail folosit\u0103 pentru \u00eenregistrare. F\u0103c\u00e2nd clic pe acest link se va putea activa contul Prenot@Mi. Dac\u0103 nu primi\u0163i e-mailul \u00een \u201einbox\u201d, v\u0103 rug\u0103m s\u0103 verifica\u021bi \u0219i \u00een folderul spam.<\/p>\n<p>3) PROGRAMARE<\/p>\n<p>Pentru a face o programare este necesar:<\/p>\n<p>a) s\u0103 accesa\u021bi portalul cu datele dumneavoastr\u0103 de identificare (e-mail \u015fi parol\u0103);<\/p>\n<p>b) s\u0103 selecta\u021bi \u201eProgrameaz\u0103-te\u201d \u015fi s\u0103 alege\u021bi prima zi disponibil\u0103 din calendar (eviden\u021biat\u0103 cu VERDE) \u00eencep\u00e2nd cu data de 01.09.2023;<\/p>\n<p>c) s\u0103 face\u021bi clic pe \u201eintervalul orar\u201d dorit (de ex.: 09:30-12:30).<\/p>\n<p>N.B. Fiecare programare trebuie s\u0103 corespund\u0103 unei cereri de declara\u021bie de valoare pentru o singur\u0103 diplom\u0103 de studii.<\/p>\n<p>4) \u00ceMPUTERNICI\u0162I<\/p>\n<p>\u00cen cazul \u00een care dosarele sunt \u00eenaintate \u015fi ridicate de c\u0103tre \u00eemputernici\u0163i, \u00een etapa de programare va fi necesar\u0103 anexarea unei procuri speciale a solicitantului, \u00eenso\u0163it\u0103 de un act de identitate valabil al \u00eemputernicitului).<\/p>\n<p>IMPORTANT: Dac\u0103 \u00een momentul program\u0103rii apare mesajul \u201e\u00cen prezent nu exist\u0103 date disponibile pentru serviciul solicitat\u201d, sistemul semnaleaz\u0103 c\u0103 toate program\u0103rile disponibile au fost deja rezervate.<\/p>\n<p>V\u0103 rug\u0103m s\u0103 \u00eencerca\u0163i din nou \u00een zilele urm\u0103toare.<\/p>\n<p>Pentru mai multe detalii, consulta\u021bi <a href=\"resource\/doc\/2023\/08\/prenotami_manuale-x-il-cittadino.pdf\">manualul<\/a>.<\/p>\n","protected":false},"excerpt":{"rendered":"PRENOT@MI \u2013 PROGRAM\u0102RI PENTRU DECLARA\u021aII DE VALOARE Din data de 28 august 2023 va intra \u00een func\u0163iune la Bucure\u015fti \u015fi pentru DECLARA\u021aII DE VALOARE (inclusiv declara\u0163ii INPS \u015fi declara\u0163ii de vechime \u00een munc\u0103 a cadrelor didactice) portalul PRENOT@MI, prin care se vor putea solicita program\u0103ri la Sec\u0163ia Consular\u0103 a Ambasadei Italiei \u00eencep\u00e2nd cu 01.09.2023. Accesa\u021bi [&hellip;]","protected":false},"author":1,"featured_media":0,"comment_status":"closed","ping_status":"closed","sticky":false,"template":"","format":"standard","meta":{"footnotes":""},"tags":[],"class_list":["post-1449","post","type-post","status-publish","format-standard","hentry"],"_links":{"self":[{"href":"https:\/\/ambbucarest.esteri.it\/ro\/wp-json\/wp\/v2\/posts\/1449","targetHints":{"allow":["GET"]}}],"collection":[{"href":"https:\/\/ambbucarest.esteri.it\/ro\/wp-json\/wp\/v2\/posts"}],"about":[{"href":"https:\/\/ambbucarest.esteri.it\/ro\/wp-json\/wp\/v2\/types\/post"}],"author":[{"embeddable":true,"href":"https:\/\/ambbucarest.esteri.it\/ro\/wp-json\/wp\/v2\/users\/1"}],"replies":[{"embeddable":true,"href":"https:\/\/ambbucarest.esteri.it\/ro\/wp-json\/wp\/v2\/comments?post=1449"}],"version-history":[{"count":0,"href":"https:\/\/ambbucarest.esteri.it\/ro\/wp-json\/wp\/v2\/posts\/1449\/revisions"}],"wp:attachment":[{"href":"https:\/\/ambbucarest.esteri.it\/ro\/wp-json\/wp\/v2\/media?parent=1449"}],"wp:term":[{"taxonomy":"post_tag","embeddable":true,"href":"https:\/\/ambbucarest.esteri.it\/ro\/wp-json\/wp\/v2\/tags?post=1449"}],"curies":[{"name":"wp","href":"https:\/\/api.w.org\/{rel}","templated":true}]}}