{"id":1754,"date":"2020-03-19T13:51:41","date_gmt":"2020-03-19T11:51:41","guid":{"rendered":"https:\/\/ambbucarest.esteri.it\/news\/dall_ambasciata\/2020\/03\/press-release-2\/"},"modified":"2020-03-19T13:51:41","modified_gmt":"2020-03-19T11:51:41","slug":"press-release-2","status":"publish","type":"post","link":"https:\/\/ambbucarest.esteri.it\/ro\/news\/dall_ambasciata\/2020\/03\/press-release-2\/","title":{"rendered":"Press Release"},"content":{"rendered":"<p>Referitor la informa\u0163iile ap\u0103rute \u00een articolul <strong>\u201cItalia acuz\u0103 Rom\u00e2nia de practici incorecte pentru c\u0103 i-a blocat un transport de m\u0103\u0219ti <\/strong><strong>de protec\u021bie\u201d<\/strong> Ambasada Italiei \u00een Rom\u00e2nia, confirm\u00e2nd c\u0103 ini\u0163iativele contrarii dreptului interna\u0163ional vor fi denun\u0163ate oriunde vor avea loc, precizeaz\u0103 c\u0103 nicio activitate atribuibil\u0103 statului rom\u00e2n nu a f\u0103cut obiectul vreunei pl\u00e2ngeri sau condamn\u0103ri, nici m\u0103car morale. Din contr\u0103, suntem siguri de colaborarea autorit\u0103\u0163ilor rom\u00e2ne \u00een urm\u0103rirea eventualelor opera\u0163iuni ilegale comise de oricine pe teritoriul s\u0103u \u015fi le mul\u0163umim pentru aceasta.<\/p>\n","protected":false},"excerpt":{"rendered":"Referitor la informa\u0163iile ap\u0103rute \u00een articolul \u201cItalia acuz\u0103 Rom\u00e2nia de practici incorecte pentru c\u0103 i-a blocat un transport de m\u0103\u0219ti de protec\u021bie\u201d Ambasada Italiei \u00een Rom\u00e2nia, confirm\u00e2nd c\u0103 ini\u0163iativele contrarii dreptului interna\u0163ional vor fi denun\u0163ate oriunde vor avea loc, precizeaz\u0103 c\u0103 nicio activitate atribuibil\u0103 statului rom\u00e2n nu a f\u0103cut obiectul vreunei pl\u00e2ngeri sau condamn\u0103ri, nici [&hellip;]","protected":false},"author":1,"featured_media":0,"comment_status":"","ping_status":"","sticky":false,"template":"","format":"standard","meta":{"footnotes":""},"tags":[],"class_list":["post-1754","post","type-post","status-publish","format-standard","hentry"],"_links":{"self":[{"href":"https:\/\/ambbucarest.esteri.it\/ro\/wp-json\/wp\/v2\/posts\/1754","targetHints":{"allow":["GET"]}}],"collection":[{"href":"https:\/\/ambbucarest.esteri.it\/ro\/wp-json\/wp\/v2\/posts"}],"about":[{"href":"https:\/\/ambbucarest.esteri.it\/ro\/wp-json\/wp\/v2\/types\/post"}],"author":[{"embeddable":true,"href":"https:\/\/ambbucarest.esteri.it\/ro\/wp-json\/wp\/v2\/users\/1"}],"replies":[{"embeddable":true,"href":"https:\/\/ambbucarest.esteri.it\/ro\/wp-json\/wp\/v2\/comments?post=1754"}],"version-history":[{"count":0,"href":"https:\/\/ambbucarest.esteri.it\/ro\/wp-json\/wp\/v2\/posts\/1754\/revisions"}],"wp:attachment":[{"href":"https:\/\/ambbucarest.esteri.it\/ro\/wp-json\/wp\/v2\/media?parent=1754"}],"wp:term":[{"taxonomy":"post_tag","embeddable":true,"href":"https:\/\/ambbucarest.esteri.it\/ro\/wp-json\/wp\/v2\/tags?post=1754"}],"curies":[{"name":"wp","href":"https:\/\/api.w.org\/{rel}","templated":true}]}}