{"id":1874,"date":"2018-06-06T17:33:02","date_gmt":"2018-06-06T14:33:02","guid":{"rendered":"https:\/\/ambbucarest.esteri.it\/news\/dall_ambasciata\/2018\/06\/festa-della-repubblica-italiana-2\/"},"modified":"2018-06-06T17:33:02","modified_gmt":"2018-06-06T14:33:02","slug":"festa-della-repubblica-italiana-2","status":"publish","type":"post","link":"https:\/\/ambbucarest.esteri.it\/ro\/news\/dall_ambasciata\/2018\/06\/festa-della-repubblica-italiana-2\/","title":{"rendered":"Ziua Na\u021bional\u0103 a Republicii Italiene. Sarb\u0103toare oficial\u0103 la Re\u0219edin\u021ba Italiei de la Bucure\u0219ti."},"content":{"rendered":"<p><span style=\"font-size: 11.0pt; font-family: 'Calibri','sans-serif'; mso-fareast-font-family: Calibri; mso-fareast-theme-font: minor-latin; mso-bidi-font-family: 'Times New Roman'; mso-ansi-language: IT; mso-fareast-language: EN-US; mso-bidi-language: AR-SA;\">Cu ocazia Zilei Na\u021bionale a Republicii Italiene, a avut loc \u00een data de 4 iunie 2018 \u00een Re\u0219edin\u021ba Ambasadorului Italiei de la Bucure\u0219ti o recep\u021bie oficial\u0103 care s-a bucurat de participarea vast\u0103 at\u00e2t a reprezentan\u021bilor institu\u021biilor rom\u00e2ne\u0219ti \u0219i corpului diplomatic acreditat \u00een Rom\u00e2nia, c\u00e2t \u0219i a exponen\u021bilor colectivit\u0103\u021bii italiene imprenditoriale, sociale \u0219i culturale din Rom\u00e2nia. Oaspetele de onoare al evenimentului a fost Ministrul Afacerilor Externe \u00a0Teodor Mele\u0219canu care, \u00een discursul s\u0103u, a dorit s\u0103 sublinieze nivelul excelent al rela\u021biilor bilaterale dintre Italia \u0219i Rom\u00e2nia.\u00a0<\/span><\/p>\n","protected":false},"excerpt":{"rendered":"Cu ocazia Zilei Na\u021bionale a Republicii Italiene, a avut loc \u00een data de 4 iunie 2018 \u00een Re\u0219edin\u021ba Ambasadorului Italiei de la Bucure\u0219ti o recep\u021bie oficial\u0103 care s-a bucurat de participarea vast\u0103 at\u00e2t a reprezentan\u021bilor institu\u021biilor rom\u00e2ne\u0219ti \u0219i corpului diplomatic acreditat \u00een Rom\u00e2nia, c\u00e2t \u0219i a exponen\u021bilor colectivit\u0103\u021bii italiene imprenditoriale, sociale \u0219i culturale din Rom\u00e2nia. [&hellip;]","protected":false},"author":1,"featured_media":0,"comment_status":"","ping_status":"","sticky":false,"template":"","format":"standard","meta":{"footnotes":""},"tags":[],"class_list":["post-1874","post","type-post","status-publish","format-standard","hentry"],"_links":{"self":[{"href":"https:\/\/ambbucarest.esteri.it\/ro\/wp-json\/wp\/v2\/posts\/1874","targetHints":{"allow":["GET"]}}],"collection":[{"href":"https:\/\/ambbucarest.esteri.it\/ro\/wp-json\/wp\/v2\/posts"}],"about":[{"href":"https:\/\/ambbucarest.esteri.it\/ro\/wp-json\/wp\/v2\/types\/post"}],"author":[{"embeddable":true,"href":"https:\/\/ambbucarest.esteri.it\/ro\/wp-json\/wp\/v2\/users\/1"}],"replies":[{"embeddable":true,"href":"https:\/\/ambbucarest.esteri.it\/ro\/wp-json\/wp\/v2\/comments?post=1874"}],"version-history":[{"count":0,"href":"https:\/\/ambbucarest.esteri.it\/ro\/wp-json\/wp\/v2\/posts\/1874\/revisions"}],"wp:attachment":[{"href":"https:\/\/ambbucarest.esteri.it\/ro\/wp-json\/wp\/v2\/media?parent=1874"}],"wp:term":[{"taxonomy":"post_tag","embeddable":true,"href":"https:\/\/ambbucarest.esteri.it\/ro\/wp-json\/wp\/v2\/tags?post=1874"}],"curies":[{"name":"wp","href":"https:\/\/api.w.org\/{rel}","templated":true}]}}