{"id":1902,"date":"2018-02-22T13:40:42","date_gmt":"2018-02-22T11:40:42","guid":{"rendered":"https:\/\/ambbucarest.esteri.it\/news\/dall_ambasciata\/2018\/02\/visita-del-sistema-italia-a-timisoara-2\/"},"modified":"2018-02-22T13:40:42","modified_gmt":"2018-02-22T11:40:42","slug":"visita-del-sistema-italia-a-timisoara-2","status":"publish","type":"post","link":"https:\/\/ambbucarest.esteri.it\/ro\/news\/dall_ambasciata\/2018\/02\/visita-del-sistema-italia-a-timisoara-2\/","title":{"rendered":"VIZIT\u0102 A GRUPULUI \u201cSISTEMA ITALIA\u201d LA TIMI\u015eOARA"},"content":{"rendered":"<p class=\"MsoNormal\" style=\"margin-bottom: 10.0pt; text-align: justify; line-height: 115%;\"><span style=\"color: #1d2129; background-image: initial; background-position: initial; background-size: initial; background-repeat: initial; background-attachment: initial; background-origin: initial; background-clip: initial;\">Ambasadorul Italiei \u00een Rom\u00e2nia, Marco Giungi, a efectuat \u00een zilele de ieri \u015fi ast\u0103zi o vizit\u0103 de lucru la Timi\u015foara, unde s-a \u00eent\u00e2lnit, \u00eempreun\u0103 cu ceilal\u0163i actori ai grupului \u201cSistema Italia\u201d (Agen\u0163ia ICE, Camera de Comer\u0163 italian\u0103 pentru Rom\u00e2nia, Confindustria Rom\u00e2nia \u015fi Institutul italian de Cultur\u0103), cu reprezentan\u0163ii institu\u0163iilor locale \u015fi comunitatea italian\u0103 prezent\u0103 \u00een zon\u0103.<\/span><\/p>\n<p class=\"MsoNormal\" style=\"text-align: justify; line-height: 115%;\"><span style=\"color: #1d2129; background-image: initial; background-position: initial; background-size: initial; background-repeat: initial; background-attachment: initial; background-origin: initial; background-clip: initial;\">Vizita grupului \u201cSistema Italia\u201d a \u00eenceput cu \u00eent\u00e2lnirea, \u00een diminea\u0163a zilei de ieri, la Universitatea de Vest, cu Rectorul Marilen Pirtea \u015fi cu \u015fefa Catedrei de limb\u0103 italian\u0103 din cadrul Universit\u0103\u0163ii, doamna Profesor Mirela Boncea. <\/span><span style=\"color: #1d2129; background-image: initial; background-position: initial; background-size: initial; background-repeat: initial; background-attachment: initial; background-origin: initial; background-clip: initial;\" lang=\"ES\">A urmat \u00eent\u00e2lnirea la Universitatea de Medicin\u0103 \u015fi Farmacie \u201cVictor Babe\u015f\u201d cu rectorul Marius Raica. Actorii grupului \u201cSistema Italia\u201d s-au \u00eent\u00e2lnit apoi la sediul Camerei de Comer\u0163, Industrie \u015fi Agricultur\u0103 a jude\u0163ului Timi\u015f cu doamna Director General \u00a0Florica Chiri\u0163\u0103 \u015fi au vizitat sediile societ\u0103\u0163ilor italiene Cottontex (ce activeaz\u0103 \u00een produc\u0163ia de echipament sportiv), Euroccoper (societate de servicii logistice) TELCO \u015fi Tempini. La sf\u00e2r\u015fitul zilei, Ambasadorul Giungi \u015fi actorii grupului \u201cSistema Italia\u201d s-au \u00eent\u00e2lnit cu reprezentan\u0163ii oamenilor de afaceri italieni \u015fi ai comunit\u0103\u0163ii italiene din Timi\u015foara.<\/span><\/p>\n<p class=\"MsoNormal\" style=\"margin-bottom: 10.0pt; text-align: justify; line-height: 115%;\"><span style=\"color: #1d2129; background-image: initial; background-position: initial; background-size: initial; background-repeat: initial; background-attachment: initial; background-origin: initial; background-clip: initial;\" lang=\"ES\">\u00cen cursul zilei de ast\u0103zi Ambasadorul Giungi s-a \u00eent\u00e2lnit la sediul Inspectoratului \u015ecolar al jude\u0163ului \u00a0Timi\u015f cu Directoarea Aura Danielescu \u00een prezen\u0163a Directorului Liceului \u201cJ.L. Calderon\u201d cu sec\u0163ii de predare \u00een limba italian\u0103, prof. Dan Ionici. Apoi Ambasadorul Giungi a avut \u00eent\u00e2lniri cu Autorit\u0103\u0163ile locale, mai exact cu Prefectul Eva Andreas, cu Vice Pre\u015fedintele Consiliului Jude\u0163ean Timi\u015f Traian Stancu \u015fi cu Primarul municipiului Timi\u015foara Nicolae Robu, cu care a discutat despre prezen\u0163a italian\u0103 \u00een zona Timi\u015foarei \u015fi despre \u00eembun\u0103t\u0103\u0163irea ulterioar\u0103 a rela\u0163iilor dintre comunitatea italian\u0103 bine integrat\u0103 \u015fi realitatea local\u0103.<\/span><\/p>\n<p>\u00a0<\/p>\n<p class=\"MsoNormal\" style=\"margin-bottom: 10.0pt; text-align: justify; line-height: 115%;\"><span style=\"color: #1d2129; background-image: initial; background-position: initial; background-size: initial; background-repeat: initial; background-attachment: initial; background-origin: initial; background-clip: initial;\" lang=\"ES\">La sf\u00e2r\u015fit Ambasadorul Giungi s-a \u00eent\u00e2lnit la sediul Asocia\u0163iei \u201cTimi\u015foara \u2013 Capital\u0103 Cultural\u0103 European\u0103 2021\u201d cu Doamna Pre\u015fedinte Simona Neumann.<\/span><\/p>\n","protected":false},"excerpt":{"rendered":"Ambasadorul Italiei \u00een Rom\u00e2nia, Marco Giungi, a efectuat \u00een zilele de ieri \u015fi ast\u0103zi o vizit\u0103 de lucru la Timi\u015foara, unde s-a \u00eent\u00e2lnit, \u00eempreun\u0103 cu ceilal\u0163i actori ai grupului \u201cSistema Italia\u201d (Agen\u0163ia ICE, Camera de Comer\u0163 italian\u0103 pentru Rom\u00e2nia, Confindustria Rom\u00e2nia \u015fi Institutul italian de Cultur\u0103), cu reprezentan\u0163ii institu\u0163iilor locale \u015fi comunitatea italian\u0103 prezent\u0103 \u00een [&hellip;]","protected":false},"author":1,"featured_media":0,"comment_status":"","ping_status":"","sticky":false,"template":"","format":"standard","meta":{"footnotes":""},"tags":[],"class_list":["post-1902","post","type-post","status-publish","format-standard","hentry"],"_links":{"self":[{"href":"https:\/\/ambbucarest.esteri.it\/ro\/wp-json\/wp\/v2\/posts\/1902","targetHints":{"allow":["GET"]}}],"collection":[{"href":"https:\/\/ambbucarest.esteri.it\/ro\/wp-json\/wp\/v2\/posts"}],"about":[{"href":"https:\/\/ambbucarest.esteri.it\/ro\/wp-json\/wp\/v2\/types\/post"}],"author":[{"embeddable":true,"href":"https:\/\/ambbucarest.esteri.it\/ro\/wp-json\/wp\/v2\/users\/1"}],"replies":[{"embeddable":true,"href":"https:\/\/ambbucarest.esteri.it\/ro\/wp-json\/wp\/v2\/comments?post=1902"}],"version-history":[{"count":0,"href":"https:\/\/ambbucarest.esteri.it\/ro\/wp-json\/wp\/v2\/posts\/1902\/revisions"}],"wp:attachment":[{"href":"https:\/\/ambbucarest.esteri.it\/ro\/wp-json\/wp\/v2\/media?parent=1902"}],"wp:term":[{"taxonomy":"post_tag","embeddable":true,"href":"https:\/\/ambbucarest.esteri.it\/ro\/wp-json\/wp\/v2\/tags?post=1902"}],"curies":[{"name":"wp","href":"https:\/\/api.w.org\/{rel}","templated":true}]}}