{"id":2063,"date":"2016-12-15T13:22:49","date_gmt":"2016-12-15T11:22:49","guid":{"rendered":"https:\/\/ambbucarest.esteri.it\/news\/dall_ambasciata\/2016\/12\/il-console-onorario-di-iasi-2\/"},"modified":"2016-12-15T13:22:49","modified_gmt":"2016-12-15T11:22:49","slug":"il-console-onorario-di-iasi-2","status":"publish","type":"post","link":"https:\/\/ambbucarest.esteri.it\/ro\/news\/dall_ambasciata\/2016\/12\/il-console-onorario-di-iasi-2\/","title":{"rendered":"Consul Onorific la Ia\u015fi"},"content":{"rendered":"<p>\u00cen cadrul unei ceremonii care a avut loc la data de 14 decembrie la Ambasada Italiei la Bucure\u015fti, domnul Enrico Novella a depus jur\u0103m\u00e2ntul pentru func\u0163ia de Consul Onorific la Ia\u015fi.<\/p>\n","protected":false},"excerpt":{"rendered":"\u00cen cadrul unei ceremonii care a avut loc la data de 14 decembrie la Ambasada Italiei la Bucure\u015fti, domnul Enrico Novella a depus jur\u0103m\u00e2ntul pentru func\u0163ia de Consul Onorific la Ia\u015fi.","protected":false},"author":1,"featured_media":0,"comment_status":"","ping_status":"","sticky":false,"template":"","format":"standard","meta":{"footnotes":""},"tags":[],"class_list":["post-2063","post","type-post","status-publish","format-standard","hentry"],"_links":{"self":[{"href":"https:\/\/ambbucarest.esteri.it\/ro\/wp-json\/wp\/v2\/posts\/2063","targetHints":{"allow":["GET"]}}],"collection":[{"href":"https:\/\/ambbucarest.esteri.it\/ro\/wp-json\/wp\/v2\/posts"}],"about":[{"href":"https:\/\/ambbucarest.esteri.it\/ro\/wp-json\/wp\/v2\/types\/post"}],"author":[{"embeddable":true,"href":"https:\/\/ambbucarest.esteri.it\/ro\/wp-json\/wp\/v2\/users\/1"}],"replies":[{"embeddable":true,"href":"https:\/\/ambbucarest.esteri.it\/ro\/wp-json\/wp\/v2\/comments?post=2063"}],"version-history":[{"count":0,"href":"https:\/\/ambbucarest.esteri.it\/ro\/wp-json\/wp\/v2\/posts\/2063\/revisions"}],"wp:attachment":[{"href":"https:\/\/ambbucarest.esteri.it\/ro\/wp-json\/wp\/v2\/media?parent=2063"}],"wp:term":[{"taxonomy":"post_tag","embeddable":true,"href":"https:\/\/ambbucarest.esteri.it\/ro\/wp-json\/wp\/v2\/tags?post=2063"}],"curies":[{"name":"wp","href":"https:\/\/api.w.org\/{rel}","templated":true}]}}