{"id":2557,"date":"2014-05-09T13:56:16","date_gmt":"2014-05-09T10:56:16","guid":{"rendered":"https:\/\/ambbucarest.esteri.it\/news\/dall_ambasciata\/2014\/05\/ventesimodonorione-2\/"},"modified":"2014-05-09T13:56:16","modified_gmt":"2014-05-09T10:56:16","slug":"ventesimodonorione-2","status":"publish","type":"post","link":"https:\/\/ambbucarest.esteri.it\/ro\/news\/dall_ambasciata\/2014\/05\/ventesimodonorione-2\/","title":{"rendered":"Aniversare 20 ani Centrul Don Orione"},"content":{"rendered":"<p><P>Ieri Asocia\u0163ia Don Orione a s\u0103rb\u0103torit dou\u0103zeci de ani de existen\u0163\u0103 a centrului lor din Bucure\u015fti, dedicat \u00eengrijirii v\u00e2rstnicilor \u015fi, din 2009, a copiilor cu dizabilit\u0103\u0163i. \u00cen cadrul festivit\u0103\u0163ilor a fost prezentat\u0103 \u015fi activitatea centrului de zi deschis pentru copiii care sufer\u0103 de autism care, \u00eencep\u00e2nd din anul 2013, se ocup\u0103 \u015fi de tineri cu dizabilit\u0103\u0163i trecu\u0163i de v\u00e2rsta majoratului. La eveniment au participat reprezentan\u0163i ai autorit\u0103\u0163ilor locale din Voluntari, unde se afl\u0103 sediul centrului, Superiorul General al Congrega\u021biei Don Orione, Arhiepiscopul Bucure\u015ftilor \u015fi Ambasadorul Italiei. Centrul Don Orione reprezint\u0103 una din structurile cele mai importante \u015fi de succes din domeniul asisten\u0163ei sociale italiene non profit din Rom\u00e2nia care a devenit, de-a lungul anilor, un punct de referin\u0163\u0103 \u015fi un col\u0163 de speran\u0163\u0103 pentru \u00eentregul Municipiu Bucure\u015fti \u015fi ora\u015ful Voluntari.<BR><BR>Pentru mai multe informa\u0163ii: <A href=\"http:\/\/www.asociatiadonorione.ro\">http:\/\/www.asociatiadonorione.ro<\/A>\u00a0<BR><\/P><\/p>\n","protected":false},"excerpt":{"rendered":"Ieri Asocia\u0163ia Don Orione a s\u0103rb\u0103torit dou\u0103zeci de ani de existen\u0163\u0103 a centrului lor din Bucure\u015fti, dedicat \u00eengrijirii v\u00e2rstnicilor \u015fi, din 2009, a copiilor cu dizabilit\u0103\u0163i. \u00cen cadrul festivit\u0103\u0163ilor a fost prezentat\u0103 \u015fi activitatea centrului de zi deschis pentru copiii care sufer\u0103 de autism care, \u00eencep\u00e2nd din anul 2013, se ocup\u0103 \u015fi de tineri cu [&hellip;]","protected":false},"author":1,"featured_media":0,"comment_status":"","ping_status":"","sticky":false,"template":"","format":"standard","meta":{"footnotes":""},"tags":[],"class_list":["post-2557","post","type-post","status-publish","format-standard","hentry"],"_links":{"self":[{"href":"https:\/\/ambbucarest.esteri.it\/ro\/wp-json\/wp\/v2\/posts\/2557","targetHints":{"allow":["GET"]}}],"collection":[{"href":"https:\/\/ambbucarest.esteri.it\/ro\/wp-json\/wp\/v2\/posts"}],"about":[{"href":"https:\/\/ambbucarest.esteri.it\/ro\/wp-json\/wp\/v2\/types\/post"}],"author":[{"embeddable":true,"href":"https:\/\/ambbucarest.esteri.it\/ro\/wp-json\/wp\/v2\/users\/1"}],"replies":[{"embeddable":true,"href":"https:\/\/ambbucarest.esteri.it\/ro\/wp-json\/wp\/v2\/comments?post=2557"}],"version-history":[{"count":0,"href":"https:\/\/ambbucarest.esteri.it\/ro\/wp-json\/wp\/v2\/posts\/2557\/revisions"}],"wp:attachment":[{"href":"https:\/\/ambbucarest.esteri.it\/ro\/wp-json\/wp\/v2\/media?parent=2557"}],"wp:term":[{"taxonomy":"post_tag","embeddable":true,"href":"https:\/\/ambbucarest.esteri.it\/ro\/wp-json\/wp\/v2\/tags?post=2557"}],"curies":[{"name":"wp","href":"https:\/\/api.w.org\/{rel}","templated":true}]}}