{"id":2952,"date":"2013-10-21T14:29:44","date_gmt":"2013-10-21T11:29:44","guid":{"rendered":"https:\/\/ambbucarest.esteri.it\/news\/dall_ambasciata\/2013\/10\/visitadassu-2\/"},"modified":"2013-10-21T14:29:44","modified_gmt":"2013-10-21T11:29:44","slug":"visitadassu-2","status":"publish","type":"post","link":"https:\/\/ambbucarest.esteri.it\/ro\/news\/dall_ambasciata\/2013\/10\/visitadassu-2\/","title":{"rendered":"Vizita la Bucure\u015fti a Vice Ministrului pentru Afaceri Externe Marta Dassu&#8217;"},"content":{"rendered":"<p>\u00cen cadrul \u00eent\u00e2lnirilor sale la Bucure\u015fti cu Ministrul Afacerilor Externe \u015fi Secretarul de Stat pentru Europa, Vice Ministrul pentru Afaceri Externe Marta Dassu&#8217; a subliniat c\u0103 \u00een vederea preg\u0103tirii semestrului Pre\u015fedin\u0163iei italiene a UE, Roma inten\u0163ioneaz\u0103 s\u0103 men\u0163in\u0103 consult\u0103ri str\u00e2nse cu Rom\u00e2nia. Mai exact, asupra politicilor de emigrare \u015fi extinderii c\u0103tre Balcanii de Vest. Cu Primul Ministru Victor Ponta, Dassu&#8217; a discutat \u00een schimb despre c\u00e2teva dosare referitoare la interese deosebite ale societ\u0103\u0163ilor italiene prezente \u00een Rom\u00e2nia. Din discu\u0163ia cu Primul Ministru rom\u00e2n a reie\u015fit importan\u0163a atribuit\u0103 de ambele p\u0103r\u0163i dezvolt\u0103rii unui raport strategic bazat pe r\u0103d\u0103cini istorice \u015fi pe valen\u0163a rela\u0163iilor economice \u015fi umane actuale.<BR><BR><A title=\"\" href=\"http:\/\/www.youtube.com\/watch?feature=player_embedded&#038;v=thu3YChNfFw\"><IMG style=\"WIDTH: 559px; HEIGHT: 357px\" alt=\"Dichiarazioni alla Stampa\" src=\"\/resource\/2013\/10\/70933_f_amb612013_10_18_cg_conf_3.jpg\" width=\"1186\" height=\"951\"><\/A><BR><EM><BR>(Sursa <\/EM><A title=\"\" href=\"http:\/\/www.mae.ro\/node\/22624\"><EM>http:\/\/www.mae.ro\/node\/22624<\/EM><\/A><EM>)<\/EM><\/p>\n","protected":false},"excerpt":{"rendered":"\u00cen cadrul \u00eent\u00e2lnirilor sale la Bucure\u015fti cu Ministrul Afacerilor Externe \u015fi Secretarul de Stat pentru Europa, Vice Ministrul pentru Afaceri Externe Marta Dassu&#8217; a subliniat c\u0103 \u00een vederea preg\u0103tirii semestrului Pre\u015fedin\u0163iei italiene a UE, Roma inten\u0163ioneaz\u0103 s\u0103 men\u0163in\u0103 consult\u0103ri str\u00e2nse cu Rom\u00e2nia. Mai exact, asupra politicilor de emigrare \u015fi extinderii c\u0103tre Balcanii de Vest. Cu [&hellip;]","protected":false},"author":1,"featured_media":0,"comment_status":"","ping_status":"","sticky":false,"template":"","format":"standard","meta":{"footnotes":""},"tags":[],"class_list":["post-2952","post","type-post","status-publish","format-standard","hentry"],"_links":{"self":[{"href":"https:\/\/ambbucarest.esteri.it\/ro\/wp-json\/wp\/v2\/posts\/2952","targetHints":{"allow":["GET"]}}],"collection":[{"href":"https:\/\/ambbucarest.esteri.it\/ro\/wp-json\/wp\/v2\/posts"}],"about":[{"href":"https:\/\/ambbucarest.esteri.it\/ro\/wp-json\/wp\/v2\/types\/post"}],"author":[{"embeddable":true,"href":"https:\/\/ambbucarest.esteri.it\/ro\/wp-json\/wp\/v2\/users\/1"}],"replies":[{"embeddable":true,"href":"https:\/\/ambbucarest.esteri.it\/ro\/wp-json\/wp\/v2\/comments?post=2952"}],"version-history":[{"count":0,"href":"https:\/\/ambbucarest.esteri.it\/ro\/wp-json\/wp\/v2\/posts\/2952\/revisions"}],"wp:attachment":[{"href":"https:\/\/ambbucarest.esteri.it\/ro\/wp-json\/wp\/v2\/media?parent=2952"}],"wp:term":[{"taxonomy":"post_tag","embeddable":true,"href":"https:\/\/ambbucarest.esteri.it\/ro\/wp-json\/wp\/v2\/tags?post=2952"}],"curies":[{"name":"wp","href":"https:\/\/api.w.org\/{rel}","templated":true}]}}