{"id":3284,"date":"2013-05-15T11:47:52","date_gmt":"2013-05-15T08:47:52","guid":{"rendered":"https:\/\/ambbucarest.esteri.it\/news\/dall_ambasciata\/2013\/05\/tavolarotondaseverin-2\/"},"modified":"2013-05-15T11:47:52","modified_gmt":"2013-05-15T08:47:52","slug":"tavolarotondaseverin-2","status":"publish","type":"post","link":"https:\/\/ambbucarest.esteri.it\/ro\/news\/dall_ambasciata\/2013\/05\/tavolarotondaseverin-2\/","title":{"rendered":"Ambasadorul Brasioli prezint\u0103 modelul de promovare cultural\u0103 italian\u0103 la masa rotund\u0103 organizat\u0103 da Sen. Severin, Pre\u015fedintele Comisiei Cultur\u0103, art\u0103 \u015fi mijloace de informare a Senatului"},"content":{"rendered":"<p>Cu ocazia mesei rotunde asupra revizuirii legisla\u0163iei care reglementeaz\u0103 promovarea cultural\u0103 rom\u00e2n\u0103 \u00een str\u0103in\u0103tate, organizat\u0103 ast\u0103zi de Pre\u015fedintele Comisiei Cultur\u0103, art\u0103 \u015fi mijloace de informare a Senatului,\u00a0 Senatorul Georgic\u0103 Severin, Ambasadorul Italiei Diego Brasioli a descris modelul \u00een vigoare \u00een Italia, ale c\u0103rui baze sunt re\u0163eaua Institutelor Italiene de Cultur\u0103, Direc\u0163ia General\u0103 pentru Sistemul institu\u0163ional al Ministerului Afacerilor Externe \u015fi Institu\u0163iile care reprezint\u0103 \u201csistemul institu\u0163ional\u201d \u00een str\u0103in\u0103tate, in primis\u00a0 Ambasadele. Reamintind, \u00een aceast\u0103 privin\u0163\u0103, rolul de stimulare \u015fi coordonare pe care Ambasadele \u00eel desf\u0103\u015foar\u0103 \u00een teritoriile ce \u0163in de competen\u0163a lor, Ambasadorul Brasioli a dat drept exemplu Festivalul Italian 2013, organizat de Ambasad\u0103, Institutul Italian de Cultur\u0103 \u015fi Agen\u0163ia-ex ICE cu contribu\u0163ia sponsorilor care au aderat la ini\u0163iativele programate. Lucr\u0103rile mesei rotunde au fost deschise de Ministrul Afacerilor Externe\u00a0 Titus Corl\u0103\u0163ean; printre numero\u015fii demnitari prezen\u0163i, \u015fi Ministrul Culturii Daniel Constantin Barbu \u015fi Directorul Institutului Cultural Rom\u00e2n Andrei Marga, precum \u015fi Ambasadorii \u015fi reprezentan\u0163ii Institu\u0163iilor culturale ale principalelor \u0163\u0103ri acreditate \u00een Rom\u00e2nia. Ace\u015ftia din urm\u0103, d\u00e2nd indica\u0163ii asupra respectivelor modele de promovare cultural\u0103, au dorit s\u0103 contribuie cu idei la Guvern \u015fi Parlament, implicate \u00een revizuirea legisla\u0163iei na\u0163ionale pentru r\u0103sp\u00e2ndirea culturii rom\u00e2ne\u015fti \u00een str\u0103in\u0103tate.<\/p>\n","protected":false},"excerpt":{"rendered":"Cu ocazia mesei rotunde asupra revizuirii legisla\u0163iei care reglementeaz\u0103 promovarea cultural\u0103 rom\u00e2n\u0103 \u00een str\u0103in\u0103tate, organizat\u0103 ast\u0103zi de Pre\u015fedintele Comisiei Cultur\u0103, art\u0103 \u015fi mijloace de informare a Senatului,\u00a0 Senatorul Georgic\u0103 Severin, Ambasadorul Italiei Diego Brasioli a descris modelul \u00een vigoare \u00een Italia, ale c\u0103rui baze sunt re\u0163eaua Institutelor Italiene de Cultur\u0103, Direc\u0163ia General\u0103 pentru Sistemul institu\u0163ional [&hellip;]","protected":false},"author":1,"featured_media":0,"comment_status":"","ping_status":"","sticky":false,"template":"","format":"standard","meta":{"footnotes":""},"tags":[],"class_list":["post-3284","post","type-post","status-publish","format-standard","hentry"],"_links":{"self":[{"href":"https:\/\/ambbucarest.esteri.it\/ro\/wp-json\/wp\/v2\/posts\/3284","targetHints":{"allow":["GET"]}}],"collection":[{"href":"https:\/\/ambbucarest.esteri.it\/ro\/wp-json\/wp\/v2\/posts"}],"about":[{"href":"https:\/\/ambbucarest.esteri.it\/ro\/wp-json\/wp\/v2\/types\/post"}],"author":[{"embeddable":true,"href":"https:\/\/ambbucarest.esteri.it\/ro\/wp-json\/wp\/v2\/users\/1"}],"replies":[{"embeddable":true,"href":"https:\/\/ambbucarest.esteri.it\/ro\/wp-json\/wp\/v2\/comments?post=3284"}],"version-history":[{"count":0,"href":"https:\/\/ambbucarest.esteri.it\/ro\/wp-json\/wp\/v2\/posts\/3284\/revisions"}],"wp:attachment":[{"href":"https:\/\/ambbucarest.esteri.it\/ro\/wp-json\/wp\/v2\/media?parent=3284"}],"wp:term":[{"taxonomy":"post_tag","embeddable":true,"href":"https:\/\/ambbucarest.esteri.it\/ro\/wp-json\/wp\/v2\/tags?post=3284"}],"curies":[{"name":"wp","href":"https:\/\/api.w.org\/{rel}","templated":true}]}}