{"id":3289,"date":"2013-05-15T06:39:59","date_gmt":"2013-05-15T03:39:59","guid":{"rendered":"https:\/\/ambbucarest.esteri.it\/news\/dall_ambasciata\/2013\/05\/immatricolazioneuniversitaitaliane2013-2\/"},"modified":"2013-05-15T06:39:59","modified_gmt":"2013-05-15T03:39:59","slug":"immatricolazioneuniversitaitaliane2013-2","status":"publish","type":"post","link":"https:\/\/ambbucarest.esteri.it\/ro\/news\/dall_ambasciata\/2013\/05\/immatricolazioneuniversitaitaliane2013-2\/","title":{"rendered":"\u00ceNSCRIERILE STUDEN\u0162ILOR STR\u0102INI LA UNIVERSIT\u0102\u0162ILE ITALIENE \u015eI INSTITU\u0162IILE AFAM PENTRU ANUL UNIVERSITAR 2013-2014"},"content":{"rendered":"<p>MIUR a anticipat deja <STRONG>\u00eencep\u00e2nd cu data de 21 martie 2013<\/STRONG> data \u00eenceperii <STRONG>primirii cererilor de pre\u00eenscriere la Universit\u0103\u0163i italiene \u015fi Institu\u0163ii AFAM prezentate de cet\u0103\u0163eni str\u0103ini pentru anul universitar 2013-2014.<BR><BR><\/STRONG><STRONG>Termenul este stabilit pentru data de 21 iunie 2013<BR><BR><\/STRONG>De la data de 21 martie p\u00e2n\u0103 la data de 21 iunie 2013 va fi a\u015fadar posibil ca cet\u0103\u0163enii str\u0103ini s\u0103 prezinte cererile de pre\u00eenscriere la Universit\u0103\u0163ile italiene \u015fi Institu\u0163iile AFAM pentru anul universitar 2013-2014.<BR><BR><STRONG>Calendarul<\/STRONG> procedurilor, num\u0103rul locurilor rezervate cet\u0103\u0163enilor str\u0103ini pentru anul universitare 2013-2014 \u015fi textul actualizat al dispozi\u0163iilor interministeriale, locurile disponibile pentru studen\u0163ii str\u0103ini \u015fi alte informa\u0163ii utile se g\u0103sesc la urm\u0103toarele adrese de internet:<BR><BR><A title=\"http:\/\/www.studiare-in-italia.it\/studentistranieri\" href=\"http:\/\/www.studiare-in-italia.it\/studentistranieri\">http:\/\/www.studiare-in-italia.it\/studentistranieri<\/A><BR><A title=\"http:\/\/www.studiare-in-italia.it\/studentistranieri\/calendar.html\" href=\"http:\/\/www.studiare-in-italia.it\/studentistranieri\/calendar.html\">http:\/\/www.studiare-in-italia.it\/studentistranieri\/calendar.html<\/A><BR><A title=\"http:\/\/www.afam.miur.it\" href=\"http:\/\/www.afam.miur.it\/\">http:\/\/www.afam.miur.it<\/A> (sezione studenti => studenti stranieri)<BR><BR>V\u0103 inform\u0103m c\u0103 \u00een exclusivitate pentru cursurile cu num\u0103r programat, pentru a putea efectua pre\u00eenscrierea la testele de acces la nivel na\u0163ional (care vor avea loc \u00een luna iulie), studen\u0163ii str\u0103ini trebuie s\u0103 se \u00eenregistreze online pe portalul special <A href=\"http:\/\/www.universitaly.it\">www.universitaly.it<\/A> \u00een <STRONG>perioada 6 mai \u2013 7 iunie 2013<\/STRONG>.<BR><\/p>\n","protected":false},"excerpt":{"rendered":"MIUR a anticipat deja \u00eencep\u00e2nd cu data de 21 martie 2013 data \u00eenceperii primirii cererilor de pre\u00eenscriere la Universit\u0103\u0163i italiene \u015fi Institu\u0163ii AFAM prezentate de cet\u0103\u0163eni str\u0103ini pentru anul universitar 2013-2014.Termenul este stabilit pentru data de 21 iunie 2013De la data de 21 martie p\u00e2n\u0103 la data de 21 iunie 2013 va fi a\u015fadar posibil [&hellip;]","protected":false},"author":1,"featured_media":0,"comment_status":"","ping_status":"","sticky":false,"template":"","format":"standard","meta":{"footnotes":""},"tags":[],"class_list":["post-3289","post","type-post","status-publish","format-standard","hentry"],"_links":{"self":[{"href":"https:\/\/ambbucarest.esteri.it\/ro\/wp-json\/wp\/v2\/posts\/3289","targetHints":{"allow":["GET"]}}],"collection":[{"href":"https:\/\/ambbucarest.esteri.it\/ro\/wp-json\/wp\/v2\/posts"}],"about":[{"href":"https:\/\/ambbucarest.esteri.it\/ro\/wp-json\/wp\/v2\/types\/post"}],"author":[{"embeddable":true,"href":"https:\/\/ambbucarest.esteri.it\/ro\/wp-json\/wp\/v2\/users\/1"}],"replies":[{"embeddable":true,"href":"https:\/\/ambbucarest.esteri.it\/ro\/wp-json\/wp\/v2\/comments?post=3289"}],"version-history":[{"count":0,"href":"https:\/\/ambbucarest.esteri.it\/ro\/wp-json\/wp\/v2\/posts\/3289\/revisions"}],"wp:attachment":[{"href":"https:\/\/ambbucarest.esteri.it\/ro\/wp-json\/wp\/v2\/media?parent=3289"}],"wp:term":[{"taxonomy":"post_tag","embeddable":true,"href":"https:\/\/ambbucarest.esteri.it\/ro\/wp-json\/wp\/v2\/tags?post=3289"}],"curies":[{"name":"wp","href":"https:\/\/api.w.org\/{rel}","templated":true}]}}