{"id":3378,"date":"2013-04-18T10:40:26","date_gmt":"2013-04-18T07:40:26","guid":{"rendered":"https:\/\/ambbucarest.esteri.it\/news\/dall_ambasciata\/2013\/04\/pellegrinaggiobucovina-2\/"},"modified":"2013-04-18T10:40:26","modified_gmt":"2013-04-18T07:40:26","slug":"pellegrinaggiobucovina-2","status":"publish","type":"post","link":"https:\/\/ambbucarest.esteri.it\/ro\/news\/dall_ambasciata\/2013\/04\/pellegrinaggiobucovina-2\/","title":{"rendered":"\u00cen Septembrie\u00a0\u00een pelerinaj cu Radio Rom\u00e2nia"},"content":{"rendered":"<p>Ambasada Italiei la Bucure\u015fti are pl\u0103cerea de a anun\u0163a c\u0103 \u00een luna septembrie a acestui an, probabil \u00een perioada 8-15, va avea loc un pelerinaj radio organizat de Radio Rom\u00e2nia la care va participa Sergio Valzania, Director Adjunct al Radio Rai.<BR>Evenimentul va fi transmis de ambele radiouri \u015fi va parcurge zona Bucovinei, bogat\u0103 \u00een biserici \u015fi m\u0103n\u0103stiri pre\u0163ioase.<BR>Bucovina este un teritoriu \u00eemp\u0103r\u0163it ast\u0103zi \u00eentre Rom\u00e2nia (Bucovina de Sud) \u015fi Ucraina (Bucovina de Nord), care face parte din regiunea istoric\u0103 a Moldovei.<BR>\u00cen Bucovina se g\u0103sesc m\u0103n\u0103stiri foarte pre\u0163ioase ridicate \u00een secolele XV \u2013 XVI: printre cele mai renumite se num\u0103r\u0103\u00a0 Putna, Vorone\u0163, din localitatea cu acela\u015fi nume \u015fi Sucevi\u0163a, l\u00e2ng\u0103 Gura Humorului. M\u0103n\u0103stirile au caracteristica de a con\u0163ine fresce \u00een interior \u015fi, \u00een cele restaurate, aceste fresce ni se arat\u0103 ast\u0103zi \u00een toat\u0103 splendoarea lor.<BR>Tocmai din aceste motive, de c\u00e2\u0163iva ani, fac parte din patrimoniul mondial UNESCO.<BR><\/p>\n","protected":false},"excerpt":{"rendered":"Ambasada Italiei la Bucure\u015fti are pl\u0103cerea de a anun\u0163a c\u0103 \u00een luna septembrie a acestui an, probabil \u00een perioada 8-15, va avea loc un pelerinaj radio organizat de Radio Rom\u00e2nia la care va participa Sergio Valzania, Director Adjunct al Radio Rai.Evenimentul va fi transmis de ambele radiouri \u015fi va parcurge zona Bucovinei, bogat\u0103 \u00een biserici [&hellip;]","protected":false},"author":1,"featured_media":0,"comment_status":"","ping_status":"","sticky":false,"template":"","format":"standard","meta":{"footnotes":""},"tags":[],"class_list":["post-3378","post","type-post","status-publish","format-standard","hentry"],"_links":{"self":[{"href":"https:\/\/ambbucarest.esteri.it\/ro\/wp-json\/wp\/v2\/posts\/3378","targetHints":{"allow":["GET"]}}],"collection":[{"href":"https:\/\/ambbucarest.esteri.it\/ro\/wp-json\/wp\/v2\/posts"}],"about":[{"href":"https:\/\/ambbucarest.esteri.it\/ro\/wp-json\/wp\/v2\/types\/post"}],"author":[{"embeddable":true,"href":"https:\/\/ambbucarest.esteri.it\/ro\/wp-json\/wp\/v2\/users\/1"}],"replies":[{"embeddable":true,"href":"https:\/\/ambbucarest.esteri.it\/ro\/wp-json\/wp\/v2\/comments?post=3378"}],"version-history":[{"count":0,"href":"https:\/\/ambbucarest.esteri.it\/ro\/wp-json\/wp\/v2\/posts\/3378\/revisions"}],"wp:attachment":[{"href":"https:\/\/ambbucarest.esteri.it\/ro\/wp-json\/wp\/v2\/media?parent=3378"}],"wp:term":[{"taxonomy":"post_tag","embeddable":true,"href":"https:\/\/ambbucarest.esteri.it\/ro\/wp-json\/wp\/v2\/tags?post=3378"}],"curies":[{"name":"wp","href":"https:\/\/api.w.org\/{rel}","templated":true}]}}