{"id":3599,"date":"2013-01-21T07:23:42","date_gmt":"2013-01-21T05:23:42","guid":{"rendered":"https:\/\/ambbucarest.esteri.it\/news\/dall_ambasciata\/2013\/01\/elezioni2013comunicatoerasmus-2\/"},"modified":"2013-01-21T07:23:42","modified_gmt":"2013-01-21T05:23:42","slug":"elezioni2013comunicatoerasmus-2","status":"publish","type":"post","link":"https:\/\/ambbucarest.esteri.it\/ro\/news\/dall_ambasciata\/2013\/01\/elezioni2013comunicatoerasmus-2\/","title":{"rendered":"Explica\u0163ii asupra votului aleg\u0103torilor reziden\u0163i temporar \u00een str\u0103in\u0103tate"},"content":{"rendered":"<p><DIV id=\"TitoloNews\">\u00cen temeiul legii (Legea 459\/2001, emise \u00een aplicarea art. 48 din Constitu\u0163ie) \u00ee\u015fi pot exercita dreptul la vot \u00een str\u0103in\u0103tate numai cet\u0103\u0163enii italieni reziden\u0163i \u00een str\u0103in\u0103tate \u015fi \u00eenscri\u015fi la AIRE.<BR><BR>Acestora, \u00een baza Decretului lege 223\/2012, valabil numai pentru alegerile politice apropiate, se adaug\u0103 unele categorii de aleg\u0103tori reziden\u0163i temporar \u00een str\u0103in\u0103tate din motive de serviciu (apar\u0163in\u00e2nd For\u0163elor Armate \u015fi ale poli\u0163iei implicate \u00een misiuni interna\u0163ionale; angaja\u0163i ai administra\u0163iilor de stat, ai regiunilor \u015fi provinciilor autonome afla\u0163i temporar \u00een str\u0103in\u0103tate din motive de serviciu; profesori \u015fi cercet\u0103tori universitari angaja\u0163i \u015fi ei temporar \u00een str\u0103in\u0103tate din motive de serviciu).<BR><BR>O extindere a votului \u00een str\u0103in\u0103tate la aleg\u0103torii care se afl\u0103 acolo pentru perioade mai mici de 12 luni \u015fi care prin lege nu se pot \u00eenscrie la AIRE (cum ar fi de pild\u0103 personalul ONG-urilor \u015fi studen\u0163ii universitari) ar implica o modificare a mecanismelor prev\u0103zute de legisla\u0163ia \u00een vigoare.<BR><BR>Similar cazului celor care \u00een Italia se transfer\u0103 timp de c\u00e2teva luni \u00eentr-un alt loc dec\u00e2t cel al re\u015fedin\u0163ei, aleg\u0103torii afla\u0163i temporar \u00een str\u0103in\u0103tate care nu intr\u0103 \u00een categoria celor prev\u0103zu\u0163i de Decretul lege 223\/2012, pot vota numai deplas\u00e2ndu-se la sec\u0163iile constituite \u00een propria localitate de \u00eenscriere electoral\u0103 \u00een Italia.<BR><BR><BR>SEC\u0162IA CONSULAR\u0102 ESTE LA DISPOZI\u0162IE PENTRU ORICE CLARIFICARE ULTERIOAR\u0102 LA NUMERELE REDATE \u00ceN CONTINUARE:<BR>Str. Arh. Ion Mincu, 12<BR>011358 Sector 1 Bucure\u015fti<BR>Telefon: centrala +40 21 223.2424<BR>Fax +40 21 223.4550<BR>Email <A title=\"bucarest.elezioni2013@esteri.it\" href=\"mailto:bucarest.elezioni2013@esteri.it\">bucarest.elezioni2013@esteri.it<\/A><BR><BR><BR><A title=\"\" href=\"asciata_Bucarest\/Menu\/Informazioni_e_servizi\/Servizi_consolari\/Voto_estero\/Elezioni_politiche_e_referendum\/Elezioni2013.html\"><IMG alt=\"Sezione Elezioni 2013\" src=\"\/resource\/2013\/01\/63335_f_amb61Banner_ElezioniPolitiche_2013_161.jpg\"> <STRONG><U><EM>Pagin\u0103 special\u0103<\/EM><\/U><\/STRONG><\/A><\/DIV><\/p>\n","protected":false},"excerpt":{"rendered":"\u00cen temeiul legii (Legea 459\/2001, emise \u00een aplicarea art. 48 din Constitu\u0163ie) \u00ee\u015fi pot exercita dreptul la vot \u00een str\u0103in\u0103tate numai cet\u0103\u0163enii italieni reziden\u0163i \u00een str\u0103in\u0103tate \u015fi \u00eenscri\u015fi la AIRE.Acestora, \u00een baza Decretului lege 223\/2012, valabil numai pentru alegerile politice apropiate, se adaug\u0103 unele categorii de aleg\u0103tori reziden\u0163i temporar \u00een str\u0103in\u0103tate din motive de serviciu [&hellip;]","protected":false},"author":1,"featured_media":0,"comment_status":"","ping_status":"","sticky":false,"template":"","format":"standard","meta":{"footnotes":""},"tags":[],"class_list":["post-3599","post","type-post","status-publish","format-standard","hentry"],"_links":{"self":[{"href":"https:\/\/ambbucarest.esteri.it\/ro\/wp-json\/wp\/v2\/posts\/3599","targetHints":{"allow":["GET"]}}],"collection":[{"href":"https:\/\/ambbucarest.esteri.it\/ro\/wp-json\/wp\/v2\/posts"}],"about":[{"href":"https:\/\/ambbucarest.esteri.it\/ro\/wp-json\/wp\/v2\/types\/post"}],"author":[{"embeddable":true,"href":"https:\/\/ambbucarest.esteri.it\/ro\/wp-json\/wp\/v2\/users\/1"}],"replies":[{"embeddable":true,"href":"https:\/\/ambbucarest.esteri.it\/ro\/wp-json\/wp\/v2\/comments?post=3599"}],"version-history":[{"count":0,"href":"https:\/\/ambbucarest.esteri.it\/ro\/wp-json\/wp\/v2\/posts\/3599\/revisions"}],"wp:attachment":[{"href":"https:\/\/ambbucarest.esteri.it\/ro\/wp-json\/wp\/v2\/media?parent=3599"}],"wp:term":[{"taxonomy":"post_tag","embeddable":true,"href":"https:\/\/ambbucarest.esteri.it\/ro\/wp-json\/wp\/v2\/tags?post=3599"}],"curies":[{"name":"wp","href":"https:\/\/api.w.org\/{rel}","templated":true}]}}