{"id":5540,"date":"2025-01-22T15:24:00","date_gmt":"2025-01-22T13:24:00","guid":{"rendered":"https:\/\/ambbucarest.esteri.it\/?p=5540"},"modified":"2025-01-22T15:27:03","modified_gmt":"2025-01-22T13:27:03","slug":"italia-si-romania-isi-consolideaza-cooperarea-in-lupta-impotriva-criminalitatii-economice-si-organizate-inclusiv-in-sprijinul-societatii-civile","status":"publish","type":"post","link":"https:\/\/ambbucarest.esteri.it\/ro\/news\/dall_ambasciata\/2025\/01\/italia-si-romania-isi-consolideaza-cooperarea-in-lupta-impotriva-criminalitatii-economice-si-organizate-inclusiv-in-sprijinul-societatii-civile\/","title":{"rendered":"Italia \u0219i Rom\u00e2nia \u00ee\u0219i consolideaz\u0103 cooperarea \u00een lupta \u00eempotriva criminalit\u0103\u021bii economice \u0219i organizate, inclusiv \u00een sprijinul societ\u0103\u021bii civile"},"content":{"rendered":"<p>\u00cen ultimele luni, Ambasada la Bucure\u0219ti, \u00eentregit\u0103 de prezen\u021ba unui expert juridic, a cooperat la nivel operativ cu Biroul italian de Recuperare a Bunurilor din cadrul Ministerului de Interne &#8211; Serviciul de Cooperare Poli\u021bieneasc\u0103 Interna\u021bional\u0103 (S.C.I.P.), cu privire la unele cereri \u00een curs de solu\u021bionare pentru urm\u0103rirea bunurilor provenite din infrac\u021biuni ce urmau a fi confiscate pentru autorit\u0103\u021bile rom\u00e2ne. Cooperarea a vizat, de asemenea, recuperarea sumelor provenite din executarea \u00een Rom\u00e2nia a confisc\u0103rilor de bunuri corporative \u0219i imobiliare sechestrate de la re\u021belele italiene de crim\u0103 organizat\u0103, urm\u00e2nd a fi alocate Fondului Unic de Justi\u021bie (FUG).<\/p>\n<p>\u00cen urma acestei cooper\u0103ri opera\u021bionale, la 20 ianuarie s-a reunit un grup de lucru bilateral dedicat consolid\u0103rii activit\u0103\u021bilor de urm\u0103rire, sechestrare \u0219i confiscare a activelor. Au fost comparate mandatul ANABI din Rom\u00e2nia \u0219i cel al ANBSC din Italia, cadrele normative privind controlul \u0219i administrarea judiciar\u0103, precum \u0219i modelele \u0219i practicile de destina\u021bie \u0219i utilizare a bunurilor confiscate. \u00cen acest context, din partea italian\u0103, a fost subliniat\u0103 figura administratorului judiciar \u00een vederea asigur\u0103rii continuit\u0103\u021bii activit\u0103\u021bii comerciale \u0219i a protej\u0103rii locurilor de munc\u0103, urm\u0103rind reintegrarea \u00een circuitul economiei legale a \u00eentreprinderii controlate anterior de grupuri infrac\u021bionale.<\/p>\n<p>De asemenea, a fost prezentat\u0103 solu\u021bia inovatoare adoptat\u0103 la ini\u021biativa Interpol \u00een Italia, care a generat Silver Notice, noul instrument conceput pentru urm\u0103rirea bunurilor de origine ilicit\u0103 la nivel interna\u021bional.<\/p>\n<p>Nu \u00een ultimul r\u00e2nd, Garda italian\u0103 de Finan\u021be a ilustrat noi tehnici de investigare pentru urm\u0103rirea criptoactivelor cu ajutorul instrumentelor prin satelit, inclusiv \u00een scopul combaterii sp\u0103l\u0103rii banilor.<\/p>\n<p>Din partea italian\u0103, consult\u0103rile bilaterale au fost conduse de prefectul Maria Rosaria Lagan\u00e0, director general al ANBSC, de Cons. Antonio Balsamo, procuror general adjunct la Curtea de Casa\u021bie, de Col. GdF Roberto Ribaudo, director al Biroului ARO din cadrul Ministerului de Interne, de Col. GdF Luca Cioffi, \u0219ef al Biroului de Analiz\u0103 al Comandamentului general al G\u0103rzii italiene de Finan\u021be, de Maior Francesco Venditti, ofi\u021ber al Unit\u0103\u021bii specializate pentru protec\u021bia vie\u021bii private \u0219i fraude tehnologice din cadrul G\u0103rzii italiene de Finan\u021be.<\/p>\n<p>\u00cen ziua urm\u0103toare, delega\u021bia italian\u0103 a participat la conferin\u021ba promovat\u0103 de societatea civil\u0103 rom\u00e2neasc\u0103 pe tema reutiliz\u0103rii sociale a bunurilor confiscate ca instrument de sensibilizare \u00een lupta \u00eempotriva criminalit\u0103\u021bii organizate \u0219i a cet\u0103\u021beniei active. \u00cent\u00e2lnirea a avut loc \u00een cadrul ini\u021biativei <em>Democracy and Rule of Law capacity-building participative camp<\/em> \u0219i a beneficiat de colaborarea dintre Ambasad\u0103, ANABI, Direc\u021bia Na\u021bional\u0103 Anticorup\u021bie din Rom\u00e2nia, Centrul European de Cercetare pentru Educa\u021bie Juridic\u0103, Centrul pentru Drepturile Omului \u0219i Migra\u021bie, Libera, Chance, Asocia\u021bia pentru Cooperare \u015fi Dezvoltare Durabil\u0103. Restituirea propriet\u0103\u021bilor confiscate c\u0103tre comunit\u0103\u021bile locale care au fost deposedate de ele poate fi un pas \u00eenainte \u015fi \u00een Rom\u00e2nia c\u0103tre forme mai bune \u0219i mai con\u0219tiente de incluziune social\u0103.<\/p>\n","protected":false},"excerpt":{"rendered":"\u00cen ultimele luni, Ambasada la Bucure\u0219ti, \u00eentregit\u0103 de prezen\u021ba unui expert juridic, a cooperat la nivel operativ cu Biroul italian de Recuperare a Bunurilor din cadrul Ministerului de Interne &#8211; Serviciul de Cooperare Poli\u021bieneasc\u0103 Interna\u021bional\u0103 (S.C.I.P.), cu privire la unele cereri \u00een curs de solu\u021bionare pentru urm\u0103rirea bunurilor provenite din infrac\u021biuni ce urmau a fi [&hellip;]","protected":false},"author":12,"featured_media":5528,"comment_status":"closed","ping_status":"closed","sticky":false,"template":"","format":"standard","meta":{"footnotes":""},"tags":[],"class_list":["post-5540","post","type-post","status-publish","format-standard","has-post-thumbnail","hentry"],"_links":{"self":[{"href":"https:\/\/ambbucarest.esteri.it\/ro\/wp-json\/wp\/v2\/posts\/5540","targetHints":{"allow":["GET"]}}],"collection":[{"href":"https:\/\/ambbucarest.esteri.it\/ro\/wp-json\/wp\/v2\/posts"}],"about":[{"href":"https:\/\/ambbucarest.esteri.it\/ro\/wp-json\/wp\/v2\/types\/post"}],"author":[{"embeddable":true,"href":"https:\/\/ambbucarest.esteri.it\/ro\/wp-json\/wp\/v2\/users\/12"}],"replies":[{"embeddable":true,"href":"https:\/\/ambbucarest.esteri.it\/ro\/wp-json\/wp\/v2\/comments?post=5540"}],"version-history":[{"count":3,"href":"https:\/\/ambbucarest.esteri.it\/ro\/wp-json\/wp\/v2\/posts\/5540\/revisions"}],"predecessor-version":[{"id":5547,"href":"https:\/\/ambbucarest.esteri.it\/ro\/wp-json\/wp\/v2\/posts\/5540\/revisions\/5547"}],"wp:featuredmedia":[{"embeddable":true,"href":"https:\/\/ambbucarest.esteri.it\/ro\/wp-json\/wp\/v2\/media\/5528"}],"wp:attachment":[{"href":"https:\/\/ambbucarest.esteri.it\/ro\/wp-json\/wp\/v2\/media?parent=5540"}],"wp:term":[{"taxonomy":"post_tag","embeddable":true,"href":"https:\/\/ambbucarest.esteri.it\/ro\/wp-json\/wp\/v2\/tags?post=5540"}],"curies":[{"name":"wp","href":"https:\/\/api.w.org\/{rel}","templated":true}]}}