{"id":5590,"date":"2025-02-11T10:38:04","date_gmt":"2025-02-11T08:38:04","guid":{"rendered":"https:\/\/ambbucarest.esteri.it\/?p=5590"},"modified":"2025-02-11T15:10:49","modified_gmt":"2025-02-11T13:10:49","slug":"ziua-comemorarii-participarea-ministrului-tajani-si-a-reprezentantilor-retelei-diplomatice-la-ceremonii-de-comemorare","status":"publish","type":"post","link":"https:\/\/ambbucarest.esteri.it\/ro\/news\/dall_ambasciata\/2025\/02\/ziua-comemorarii-participarea-ministrului-tajani-si-a-reprezentantilor-retelei-diplomatice-la-ceremonii-de-comemorare\/","title":{"rendered":"Ziua Comemor\u0103rii. Participarea Ministrului Tajani \u0219i a reprezentan\u021bilor re\u021belei diplomatice la ceremonii de comemorare"},"content":{"rendered":"<p>Ministrul Afacerilor Externe, Antonio Tajani, a participat ieri la principalele evenimente dedicate Zilei Comemor\u0103rii, organizate \u00een amintirea victimelor foibei \u0219i ale exodului italienilor din Istria, Rijeka \u015fi Dalma\u021bia. Farnesina \u0219i \u00eentreaga re\u021bea diplomatic\u0103 \u015fi consular\u0103, precum \u0219i Institutele Culturale Italiene s-au al\u0103turat evenimentelor, cu scopul de a p\u0103stra vie memoria tragediei.<\/p>\n<p>Ministrul a luat cuv\u00e2ntul la ceremonia de comemorare organizat\u0103 la 10 februarie 2025 la Palatul Quirinale, \u00een prezen\u021ba Pre\u0219edintelui Republicii, Sergio Mattarella. Tajani \u0219i-a \u00eencheiat discursul subliniind c\u0103 \u201eprin cultivarea memoriei tragediilor pe care le comemor\u0103m de Ziua Comemor\u0103rii, trebuie s\u0103 \u021binem garda sus \u00eempotriva celor care neag\u0103 valorile \u0219i principiile fundamentale ale coexisten\u021bei civile\u201d.<\/p>\n<p>Cu ocazia reuniunii ministeriale \u201ePrietenii Balcanilor\u201d, Ministrul Tajani a subliniat c\u0103 memoria victimelor violen\u021bei \u0219i ale exodului din Istria, Rijeka \u0219i Dalma\u021bia ar trebui s\u0103 contribuie la construirea unei memorii comune cu \u021b\u0103rile vecine cu privire la evenimentele dureroase de la frontiera noastr\u0103 estic\u0103. Exemplul Nova Gorica &#8211; Gorizia &#8211; Capital\u0103 european\u0103 a culturii \u00een 2025 reprezint\u0103 un pas semnificativ c\u0103tre dep\u0103\u0219irea opozi\u021biilor bazate pe vechi ideologii \u0219i diviziuni etnice, \u00een spiritul cel mai autentic al apartenen\u021bei comune a Italiei, Sloveniei \u0219i Croa\u021biei la Uniunea European\u0103.<\/p>\n<p>La ini\u021biativa Ministrului, inscrip\u021bia \u201eIo Ricordo\u201d a luminat ieri Palatul Farnesina.<\/p>\n","protected":false},"excerpt":{"rendered":"Ministrul Afacerilor Externe, Antonio Tajani, a participat ieri la principalele evenimente dedicate Zilei Comemor\u0103rii, organizate \u00een amintirea victimelor foibei \u0219i ale exodului italienilor din Istria, Rijeka \u015fi Dalma\u021bia. Farnesina \u0219i \u00eentreaga re\u021bea diplomatic\u0103 \u015fi consular\u0103, precum \u0219i Institutele Culturale Italiene s-au al\u0103turat evenimentelor, cu scopul de a p\u0103stra vie memoria tragediei. Ministrul a luat cuv\u00e2ntul [&hellip;]","protected":false},"author":12,"featured_media":5586,"comment_status":"closed","ping_status":"closed","sticky":false,"template":"","format":"standard","meta":{"footnotes":""},"tags":[],"class_list":["post-5590","post","type-post","status-publish","format-standard","has-post-thumbnail","hentry"],"_links":{"self":[{"href":"https:\/\/ambbucarest.esteri.it\/ro\/wp-json\/wp\/v2\/posts\/5590","targetHints":{"allow":["GET"]}}],"collection":[{"href":"https:\/\/ambbucarest.esteri.it\/ro\/wp-json\/wp\/v2\/posts"}],"about":[{"href":"https:\/\/ambbucarest.esteri.it\/ro\/wp-json\/wp\/v2\/types\/post"}],"author":[{"embeddable":true,"href":"https:\/\/ambbucarest.esteri.it\/ro\/wp-json\/wp\/v2\/users\/12"}],"replies":[{"embeddable":true,"href":"https:\/\/ambbucarest.esteri.it\/ro\/wp-json\/wp\/v2\/comments?post=5590"}],"version-history":[{"count":1,"href":"https:\/\/ambbucarest.esteri.it\/ro\/wp-json\/wp\/v2\/posts\/5590\/revisions"}],"predecessor-version":[{"id":5592,"href":"https:\/\/ambbucarest.esteri.it\/ro\/wp-json\/wp\/v2\/posts\/5590\/revisions\/5592"}],"wp:featuredmedia":[{"embeddable":true,"href":"https:\/\/ambbucarest.esteri.it\/ro\/wp-json\/wp\/v2\/media\/5586"}],"wp:attachment":[{"href":"https:\/\/ambbucarest.esteri.it\/ro\/wp-json\/wp\/v2\/media?parent=5590"}],"wp:term":[{"taxonomy":"post_tag","embeddable":true,"href":"https:\/\/ambbucarest.esteri.it\/ro\/wp-json\/wp\/v2\/tags?post=5590"}],"curies":[{"name":"wp","href":"https:\/\/api.w.org\/{rel}","templated":true}]}}