{"id":5691,"date":"2025-03-14T16:55:19","date_gmt":"2025-03-14T14:55:19","guid":{"rendered":"https:\/\/ambbucarest.esteri.it\/?p=5691"},"modified":"2025-03-14T16:57:28","modified_gmt":"2025-03-14T14:57:28","slug":"romania-italia-vizita-primarului-orasului-gorizia-si-a-ambasadorului-italiei-la-timisoara","status":"publish","type":"post","link":"https:\/\/ambbucarest.esteri.it\/ro\/news\/dall_ambasciata\/2025\/03\/romania-italia-vizita-primarului-orasului-gorizia-si-a-ambasadorului-italiei-la-timisoara\/","title":{"rendered":"Rom\u00e2nia-Italia: Vizita primarului ora\u015fului Gorizia \u0219i a Ambasadorului Italiei la Timi\u0219oara"},"content":{"rendered":"<p>\u00cen perioada 12-13 martie 2025, primarul ora\u015fului Gorizia, Rodolfo Ziberna, \u0219i Ambasadorul Italiei, Alfredo Durante Mangoni, au efectuat o vizit\u0103 de lucru la Timi\u0219oara, \u00eenso\u021bi\u021bi de prim-secretarul comercial Federico Mozzi \u0219i de consulul onorific, Angela Pesavento. Ini\u021biativa, organizat\u0103 \u00een colaborare cu Camera de Comer\u021b Italian\u0103 pentru Rom\u00e2nia, a oferit o oportunitate important\u0103 pentru consolidarea rela\u021biilor bilaterale \u0219i \u00eent\u0103rirea leg\u0103turilor economice \u0219i culturale cu capitala Banatului.<\/p>\n<p>\u00cen acest context, la 13 martie a avut loc o \u00eent\u00e2lnire oficial\u0103 \u00eentre primarul Municipiului Timi\u0219oara, Dominic Fritz, \u0219i primarul ora\u0219ului Gorizia pentru a \u00eemp\u0103rt\u0103\u0219i parcursul celor dou\u0103 capitale europene ale culturii \u0219i pentru a discuta posibile forme de cooperare \u00eentre cele dou\u0103 ora\u0219e \u00een ceea ce prive\u0219te promovarea sustenabil\u0103 a culturii \u0219i turismului. Timi\u0219oara \u0219i Gorizia\/Nova Gorica sunt Capitale europene ale Culturii \u00een 2023 \u0219i, respectiv, 2025. Ambele re\u015fedin\u021be de jude\u021b g\u0103zduiesc, de asemenea, comunit\u0103\u021bi de limbi \u0219i etnii diferite, sub semnul unei coexisten\u021be civile bazate pe respect \u0219i \u00een\u021belegere reciproc\u0103.<\/p>\n<p>Delega\u021bia a vizitat apoi Asocia\u021bia \u201eCurtea Culorilor\u201d, un ONG italian activ \u00een teritoriu, un adev\u0103rat model de mic\u0103 \u00eentreprindere me\u0219te\u0219ug\u0103reasc\u0103 \u0219i de incluziune social\u0103.<\/p>\n<p>Programul misiunii a cuprins \u0219i alte activit\u0103\u021bi, \u00een special vizite la dou\u0103 importante unit\u0103\u021bi de produc\u021bie cu capital italian, societatea Incontro \u0219i \u201eFabrica de biciclete\u201d a Grupului SMW, pentru a aprofunda cunoa\u0219terea dinamicii industriale \u0219i me\u0219te\u0219ug\u0103re\u0219ti din teritoriu, cu scopul de a promova noi schimburi \u0219i oportunit\u0103\u021bi de cooperare economic\u0103; o vizit\u0103 la Muzeul Na\u021bional de Art\u0103 Timi\u0219oara \u0219i o \u00eent\u00e2lnire cu directorul Filip Petcu. De asemenea, primarul \u0219i Ambasadorul s-au \u00eent\u00e2lnit cu un grup restr\u00e2ns de antreprenori italieni, prilej de consolidare a leg\u0103turilor cu comunitatea italian\u0103 rezident\u0103 \u00een Timi\u0219oara. La \u00eent\u00e2lnire au participat pre\u0219edintele Camerei de Comer\u021b Italiene, Roberto Musneci, vicepre\u0219edin\u021bii, al\u0103turi de consilieri \u0219i membri ai CCIpR.<\/p>\n<p>Vizita s-a \u00eencheiat cu Gala antreprenorilor italieni, organizat\u0103 de vicepre\u015fedintele CCIpR Vincenzo Moderno cu sprijinul Camerei de Comer\u021b Italiene pentru Rom\u00e2nia \u00een colaborare cu Regiunea Friuli Venezia Giulia, prezent\u0103 cu o delega\u021bie PromoTurismoFVG. Evenimentul a reprezentat un moment de celebrare a cooper\u0103rii \u00een cre\u0219tere dintre Italia \u0219i Rom\u00e2nia, a contribu\u021biei comunit\u0103\u021bii italiene la cre\u0219terea \u0219i dezvoltarea Timi\u0219oarei, a impulsului pentru noi oportunit\u0103\u021bi de afaceri \u0219i o manifestare concret\u0103 de solidaritate pentru grupuri \u0219i persoane vulnerabile.<\/p>\n","protected":false},"excerpt":{"rendered":"\u00cen perioada 12-13 martie 2025, primarul ora\u015fului Gorizia, Rodolfo Ziberna, \u0219i Ambasadorul Italiei, Alfredo Durante Mangoni, au efectuat o vizit\u0103 de lucru la Timi\u0219oara, \u00eenso\u021bi\u021bi de prim-secretarul comercial Federico Mozzi \u0219i de consulul onorific, Angela Pesavento. Ini\u021biativa, organizat\u0103 \u00een colaborare cu Camera de Comer\u021b Italian\u0103 pentru Rom\u00e2nia, a oferit o oportunitate important\u0103 pentru consolidarea rela\u021biilor [&hellip;]","protected":false},"author":12,"featured_media":5671,"comment_status":"closed","ping_status":"closed","sticky":false,"template":"","format":"standard","meta":{"footnotes":""},"tags":[],"class_list":["post-5691","post","type-post","status-publish","format-standard","has-post-thumbnail","hentry"],"_links":{"self":[{"href":"https:\/\/ambbucarest.esteri.it\/ro\/wp-json\/wp\/v2\/posts\/5691","targetHints":{"allow":["GET"]}}],"collection":[{"href":"https:\/\/ambbucarest.esteri.it\/ro\/wp-json\/wp\/v2\/posts"}],"about":[{"href":"https:\/\/ambbucarest.esteri.it\/ro\/wp-json\/wp\/v2\/types\/post"}],"author":[{"embeddable":true,"href":"https:\/\/ambbucarest.esteri.it\/ro\/wp-json\/wp\/v2\/users\/12"}],"replies":[{"embeddable":true,"href":"https:\/\/ambbucarest.esteri.it\/ro\/wp-json\/wp\/v2\/comments?post=5691"}],"version-history":[{"count":1,"href":"https:\/\/ambbucarest.esteri.it\/ro\/wp-json\/wp\/v2\/posts\/5691\/revisions"}],"predecessor-version":[{"id":5692,"href":"https:\/\/ambbucarest.esteri.it\/ro\/wp-json\/wp\/v2\/posts\/5691\/revisions\/5692"}],"wp:featuredmedia":[{"embeddable":true,"href":"https:\/\/ambbucarest.esteri.it\/ro\/wp-json\/wp\/v2\/media\/5671"}],"wp:attachment":[{"href":"https:\/\/ambbucarest.esteri.it\/ro\/wp-json\/wp\/v2\/media?parent=5691"}],"wp:term":[{"taxonomy":"post_tag","embeddable":true,"href":"https:\/\/ambbucarest.esteri.it\/ro\/wp-json\/wp\/v2\/tags?post=5691"}],"curies":[{"name":"wp","href":"https:\/\/api.w.org\/{rel}","templated":true}]}}