{"id":5930,"date":"2025-04-09T15:45:47","date_gmt":"2025-04-09T12:45:47","guid":{"rendered":"https:\/\/ambbucarest.esteri.it\/?p=5930"},"modified":"2025-04-09T16:26:06","modified_gmt":"2025-04-09T13:26:06","slug":"business-insights-from-italy-a-letter-to-international-investors","status":"publish","type":"post","link":"https:\/\/ambbucarest.esteri.it\/ro\/news\/dall_ambasciata\/2025\/04\/business-insights-from-italy-a-letter-to-international-investors\/","title":{"rendered":"Business Insights from Italy \u2013 A letter to International Investors"},"content":{"rendered":"<p>Ast\u0103zi v\u0103 prezent\u0103m cel mai recent num\u0103r al \ud835\ude3d\ud835\ude6a\ud835\ude68\ud835\ude5e\ud835\ude63\ud835\ude5a\ud835\ude68\ud835\ude68 \ud835\ude44\ud835\ude63\ud835\ude68\ud835\ude5e\ud835\ude5c\ud835\ude5d\ud835\ude69\ud835\ude68 \ud835\ude5b\ud835\ude67\ud835\ude64\ud835\ude62 \ud835\ude44\ud835\ude69\ud835\ude56\ud835\ude61\ud835\ude6e &#8211; \ud835\ude3c \ud835\ude47\ud835\ude5a\ud835\ude69\ud835\ude69\ud835\ude5a\ud835\ude67 \ud835\ude69\ud835\ude64 \ud835\ude44\ud835\ude63\ud835\ude69\ud835\ude5a\ud835\ude67\ud835\ude63\ud835\ude56\ud835\ude69\ud835\ude5e\ud835\ude64\ud835\ude63\ud835\ude56\ud835\ude61 \ud835\ude44\ud835\ude63\ud835\ude6b\ud835\ude5a\ud835\ude68\ud835\ude69\ud835\ude64\ud835\ude67\ud835\ude68 &#8211; o publica\u021bie lunar\u0103 a Ministerului Afacerilor Externe \u0219i Cooper\u0103rii Interna\u021bionale, realizat\u0103 \u00een colaborare cu The European House-Ambrosetti, &#8211; un instrument de diploma\u021bie a dezvolt\u0103rii menit s\u0103 stimuleze interesul investitorilor str\u0103ini pentru poten\u021bialul economiei noastre.<\/p>\n<p>&nbsp;<\/p>\n<p>\u00cen edi\u021bia din martie 2025:<\/p>\n<ul>\n<li>Economia italian\u0103 prezint\u0103 semne pozitive \u015fi la \u00eenceputul anului 2025. Conform datelor publicate, se confirm\u0103 cre\u0219terea stabil\u0103 a PIB-ului \u0219i sc\u0103derea infla\u021biei, datorit\u0103 unei politici monetare mai echilibrate. O aten\u021bie deosebit\u0103 este acordat\u0103 tranzi\u021biei ecologice, cu investi\u021bii publice \u0219i private importante \u00een sectoarele energiei regenerabile \u0219i economiei circulare.<\/li>\n<li>\u00centreprinderile italiene continu\u0103 s\u0103 inoveze: investi\u021biile \u00een digitalizare, inteligen\u021b\u0103 artificial\u0103 \u0219i robotic\u0103 sunt \u00een cre\u0219tere. Produsele #MadeinItaly se afirm\u0103, de asemenea, pe pie\u021bele externe, \u00een special \u00een sectorul agroalimentar, al modei \u0219i al mecanicii de precizie.<\/li>\n<li>Italia \u0219i Rom\u00e2nia \u00ee\u015fi consolideaz\u0103 rela\u021biile economice prin cre\u0219terea colabor\u0103rii \u00een domeniile infrastructurii, energiei \u0219i tehnologiilor sustenabile.<\/li>\n<\/ul>\n<p>Dec\u0103rca\u021bi <a href=\"https:\/\/ambbucarest.esteri.it\/wp-content\/uploads\/2025\/04\/8.-BUSINESS-INSIGHTS-FROM-ITALY-NUMERO-DI-MARZO-2025.pdf\">\u201eBusiness Insights from Italy\u201d (Martie 2025)<\/a>.<\/p>\n","protected":false},"excerpt":{"rendered":"Ast\u0103zi v\u0103 prezent\u0103m cel mai recent num\u0103r al \ud835\ude3d\ud835\ude6a\ud835\ude68\ud835\ude5e\ud835\ude63\ud835\ude5a\ud835\ude68\ud835\ude68 \ud835\ude44\ud835\ude63\ud835\ude68\ud835\ude5e\ud835\ude5c\ud835\ude5d\ud835\ude69\ud835\ude68 \ud835\ude5b\ud835\ude67\ud835\ude64\ud835\ude62 \ud835\ude44\ud835\ude69\ud835\ude56\ud835\ude61\ud835\ude6e &#8211; \ud835\ude3c \ud835\ude47\ud835\ude5a\ud835\ude69\ud835\ude69\ud835\ude5a\ud835\ude67 \ud835\ude69\ud835\ude64 \ud835\ude44\ud835\ude63\ud835\ude69\ud835\ude5a\ud835\ude67\ud835\ude63\ud835\ude56\ud835\ude69\ud835\ude5e\ud835\ude64\ud835\ude63\ud835\ude56\ud835\ude61 \ud835\ude44\ud835\ude63\ud835\ude6b\ud835\ude5a\ud835\ude68\ud835\ude69\ud835\ude64\ud835\ude67\ud835\ude68 &#8211; o publica\u021bie lunar\u0103 a Ministerului Afacerilor Externe \u0219i Cooper\u0103rii Interna\u021bionale, realizat\u0103 \u00een colaborare cu The European House-Ambrosetti, &#8211; un instrument de diploma\u021bie a dezvolt\u0103rii menit s\u0103 stimuleze interesul investitorilor str\u0103ini pentru poten\u021bialul economiei noastre. &nbsp; \u00cen [&hellip;]","protected":false},"author":12,"featured_media":5921,"comment_status":"closed","ping_status":"closed","sticky":false,"template":"","format":"standard","meta":{"footnotes":""},"tags":[],"class_list":["post-5930","post","type-post","status-publish","format-standard","has-post-thumbnail","hentry"],"_links":{"self":[{"href":"https:\/\/ambbucarest.esteri.it\/ro\/wp-json\/wp\/v2\/posts\/5930","targetHints":{"allow":["GET"]}}],"collection":[{"href":"https:\/\/ambbucarest.esteri.it\/ro\/wp-json\/wp\/v2\/posts"}],"about":[{"href":"https:\/\/ambbucarest.esteri.it\/ro\/wp-json\/wp\/v2\/types\/post"}],"author":[{"embeddable":true,"href":"https:\/\/ambbucarest.esteri.it\/ro\/wp-json\/wp\/v2\/users\/12"}],"replies":[{"embeddable":true,"href":"https:\/\/ambbucarest.esteri.it\/ro\/wp-json\/wp\/v2\/comments?post=5930"}],"version-history":[{"count":4,"href":"https:\/\/ambbucarest.esteri.it\/ro\/wp-json\/wp\/v2\/posts\/5930\/revisions"}],"predecessor-version":[{"id":5939,"href":"https:\/\/ambbucarest.esteri.it\/ro\/wp-json\/wp\/v2\/posts\/5930\/revisions\/5939"}],"wp:featuredmedia":[{"embeddable":true,"href":"https:\/\/ambbucarest.esteri.it\/ro\/wp-json\/wp\/v2\/media\/5921"}],"wp:attachment":[{"href":"https:\/\/ambbucarest.esteri.it\/ro\/wp-json\/wp\/v2\/media?parent=5930"}],"wp:term":[{"taxonomy":"post_tag","embeddable":true,"href":"https:\/\/ambbucarest.esteri.it\/ro\/wp-json\/wp\/v2\/tags?post=5930"}],"curies":[{"name":"wp","href":"https:\/\/api.w.org\/{rel}","templated":true}]}}