{"id":7490,"date":"2026-02-20T13:36:57","date_gmt":"2026-02-20T11:36:57","guid":{"rendered":"https:\/\/ambbucarest.esteri.it\/?p=7490"},"modified":"2026-02-20T13:48:02","modified_gmt":"2026-02-20T11:48:02","slug":"portalul-prenotmi-intrerupere-temporara-a-functionarii","status":"publish","type":"post","link":"https:\/\/ambbucarest.esteri.it\/ro\/news\/dall_ambasciata\/2026\/02\/portalul-prenotmi-intrerupere-temporara-a-functionarii\/","title":{"rendered":"PORTALUL PRENOT@MI \u2013 \u00centrerupere temporar\u0103 a func\u021bion\u0103rii"},"content":{"rendered":"<p>Stima\u021bi utilizatori, v\u0103 inform\u0103m c\u0103, \u00een zilele de <strong>23, 24 \u0219i 25 februarie a.c.<\/strong>, va fi efectuat\u0103 o interven\u021bie tehnic\u0103 asupra sistemului informatic <strong>Prenot@mi<\/strong>.<\/p>\n<p>Interven\u021bia va determina o \u00eentrerupere temporar\u0103 a platformei \u00eencep\u00e2nd cu <strong>ora 10:00 din data de 23 februarie a.c<\/strong>. \u00cen aceast\u0103 perioad\u0103, portalul nu va fi disponibil pentru nicio opera\u021biune.<\/p>\n<p>Func\u021bionarea integral\u0103 a sistemului va fi reluat\u0103 \u00eencep\u00e2nd cu <strong>26 februarie a.c.<\/strong><\/p>\n<p>Prin urmare, v\u0103 invit\u0103m s\u0103 citi\u021bi cu aten\u021bie urm\u0103toarele instruc\u021biuni:<\/p>\n<ul>\n<li>Program\u0103rile pentru perioada <strong>26\u201329 februarie a.c<\/strong>. trebuie confirmate \u00een mod obligatoriu p\u00e2n\u0103 la data de <strong>22 februarie a.c.<\/strong><\/li>\n<li>Utilizatorii care au program\u0103ri \u00een zilele afectate de \u00eentrerupere sunt ruga\u021bi s\u0103 descarce din timp dovada program\u0103rii.<\/li>\n<li>Utilizatorii cu <strong>program\u0103ri<\/strong> \u00een perioada <strong>28 februarie \u2013 7 martie a.c.<\/strong> trebuie s\u0103 \u00ee\u0219i confirme obligatoriu programarea p\u00e2n\u0103 la data de <strong>22 februarie a.c.<\/strong><\/li>\n<li>Utilizatorii cu <strong>program\u0103ri<\/strong> \u00een zilele de <strong>5, 6 \u0219i 7 martie a.c.<\/strong> vor primi un <strong>e-mail de confirmare<\/strong> din partea DGCT I, \u00eentruc\u00e2t \u00eentreruperea sistemului nu va permite transmiterea automat\u0103 a confirm\u0103rii prin intermediul platformei.<\/li>\n<\/ul>\n<p>Ne cerem scuze pentru eventualele inconveniente \u0219i v\u0103 mul\u021bumim pentru colaborare.<\/p>\n","protected":false},"excerpt":{"rendered":"Stima\u021bi utilizatori, v\u0103 inform\u0103m c\u0103, \u00een zilele de 23, 24 \u0219i 25 februarie a.c., va fi efectuat\u0103 o interven\u021bie tehnic\u0103 asupra sistemului informatic Prenot@mi. Interven\u021bia va determina o \u00eentrerupere temporar\u0103 a platformei \u00eencep\u00e2nd cu ora 10:00 din data de 23 februarie a.c. \u00cen aceast\u0103 perioad\u0103, portalul nu va fi disponibil pentru nicio opera\u021biune. Func\u021bionarea integral\u0103 [&hellip;]","protected":false},"author":12,"featured_media":7484,"comment_status":"closed","ping_status":"closed","sticky":false,"template":"","format":"standard","meta":{"footnotes":""},"tags":[],"class_list":["post-7490","post","type-post","status-publish","format-standard","has-post-thumbnail","hentry"],"_links":{"self":[{"href":"https:\/\/ambbucarest.esteri.it\/ro\/wp-json\/wp\/v2\/posts\/7490","targetHints":{"allow":["GET"]}}],"collection":[{"href":"https:\/\/ambbucarest.esteri.it\/ro\/wp-json\/wp\/v2\/posts"}],"about":[{"href":"https:\/\/ambbucarest.esteri.it\/ro\/wp-json\/wp\/v2\/types\/post"}],"author":[{"embeddable":true,"href":"https:\/\/ambbucarest.esteri.it\/ro\/wp-json\/wp\/v2\/users\/12"}],"replies":[{"embeddable":true,"href":"https:\/\/ambbucarest.esteri.it\/ro\/wp-json\/wp\/v2\/comments?post=7490"}],"version-history":[{"count":2,"href":"https:\/\/ambbucarest.esteri.it\/ro\/wp-json\/wp\/v2\/posts\/7490\/revisions"}],"predecessor-version":[{"id":7495,"href":"https:\/\/ambbucarest.esteri.it\/ro\/wp-json\/wp\/v2\/posts\/7490\/revisions\/7495"}],"wp:featuredmedia":[{"embeddable":true,"href":"https:\/\/ambbucarest.esteri.it\/ro\/wp-json\/wp\/v2\/media\/7484"}],"wp:attachment":[{"href":"https:\/\/ambbucarest.esteri.it\/ro\/wp-json\/wp\/v2\/media?parent=7490"}],"wp:term":[{"taxonomy":"post_tag","embeddable":true,"href":"https:\/\/ambbucarest.esteri.it\/ro\/wp-json\/wp\/v2\/tags?post=7490"}],"curies":[{"name":"wp","href":"https:\/\/api.w.org\/{rel}","templated":true}]}}